{"id":132885,"date":"2021-09-21T13:50:28","date_gmt":"2021-09-21T11:50:28","guid":{"rendered":"https:\/\/concentrol.com\/?p=132885"},"modified":"2021-09-21T16:44:02","modified_gmt":"2021-09-21T14:44:02","slug":"concentrol-i-lalianca-per-a-la-vacunacio-infantil-estrenyent-llacos","status":"publish","type":"post","link":"https:\/\/hosting175685eu-cp704.wordpresstemporal.com\/ca\/concentrol-i-lalianca-per-a-la-vacunacio-infantil-estrenyent-llacos\/","title":{"rendered":"Concentrol i l&#8217;Alian\u00e7a per a la Vacunaci\u00f3 Infantil: estrenyent lla\u00e7os"},"content":{"rendered":"<div class=\"wpb-content-wrapper\"><p>[vc_row][vc_column][vc_column_text uncode_shortcode_id=\u00bb151717&#8243;]<\/p>\n<p><span style=\"font-weight: 400;\">Cobrir les necessitats b\u00e0siques no hauria de ser un privilegi. Tenint en compte la situaci\u00f3 desfavorable que viuen moltes fam\u00edlies, des de Concentrol tenim molt clar que hem de continuar donant suport a la iniciativa \u201cAlian\u00e7a per a la Vacunaci\u00f3 Infantil\u201d com fem des de fa anys. El projecte \u00e9s una uni\u00f3 de \u201cLa Caixa\u201d, GAVI Alliance, La fundaci\u00f3 Bill i Melinda Gates i les m\u00e9s de 1842 empreses, entre les quals figura Concentrol, que participen al costat d&#8217;uns 3400 particulars m\u00e9s. Gr\u00e0cies al comprom\u00eds de tots els col\u00b7laboradors s&#8217;ha pogut crear la generaci\u00f3 Decennials, que llan\u00e7a un missatge molt concret: \u201cun futur esperan\u00e7ador existeix nom\u00e9s si tots unim les nostres forces per a fer-ho possible\u201d.<\/span><\/p>\n<p><span style=\"font-weight: 400;\">La fundaci\u00f3 \u201cAlian\u00e7a per a la Vacunaci\u00f3 Infantil\u201d lluita contra la mortalitat infantil prematura a trav\u00e9s de la vacunaci\u00f3, que evita moltes malalties que poden ser dram\u00e0tiques per als nens. Val la pena recordar que cada 60 segons moren 3 nens per causes evitables amb simples vacunes. L&#8217;objectiu d&#8217;aquesta instituci\u00f3 \u00e9s augmentar l&#8217;esperan\u00e7a de vida i, d&#8217;aquesta manera, canviar el dest\u00ed d&#8217;aquests nens\/es.\u00a0<\/span><\/p>\n<p><span style=\"font-weight: 400;\">Com a empresa influent en el sector considerem que tenim una responsabilitat social corporativa que \u00e9s positiva i que ha d&#8217;aportar a la societat. Estem molt satisfets de continuar renovant aliances com aquesta, que permeten alinear els nostres valors amb les accions que prenem.\u00a0<\/span><\/p>\n<p><span style=\"font-weight: 400;\">El nostre principal objectiu des de Concentrol \u00e9s oferir les millors solucions sent una empresa parit\u00e0ria i respectuosa que t\u00e9 una aportaci\u00f3 real en la societat. \u00c9s per aix\u00f2 que ens esforcem dia a dia per continuar sent l&#8217;empresa l\u00edder en el sector compromesa amb la societat, el territori i els seus treballadors.<\/span><\/p>\n<p>[\/vc_column_text][\/vc_column][\/vc_row]<\/p>\n<\/div>","protected":false},"excerpt":{"rendered":"<p>[vc_row][vc_column][vc_column_text uncode_shortcode_id=\u00bb151717&#8243;] Cobrir les necessitats b\u00e0siques no hauria de ser un privilegi. Tenint en compte la situaci\u00f3 desfavorable que viuen [&hellip;]<\/p>\n","protected":false},"author":3,"featured_media":132869,"comment_status":"open","ping_status":"open","sticky":false,"template":"","format":"standard","meta":{"_acf_changed":false,"content-type":"","footnotes":""},"categories":[1],"tags":[808],"class_list":["post-132885","post","type-post","status-publish","format-standard","has-post-thumbnail","hentry","category-noticies","tag-concentrol-ca"],"acf":[],"yoast_head":"<!-- This site is optimized with the Yoast SEO plugin v28.4 - https:\/\/yoast.com\/product\/yoast-seo-wordpress\/ -->\n<title>Concentrol i l&#039;Alian\u00e7a per a la Vacunaci\u00f3 Infantil: estrenyent lla\u00e7os<\/title>\n<meta name=\"description\" content=\"Concentrol - Chemical Solutions\" \/>\n<meta name=\"robots\" content=\"index, follow, max-snippet:-1, max-image-preview:large, max-video-preview:-1\" \/>\n<link rel=\"canonical\" href=\"https:\/\/concentrol.com\/concentrol-and-the-child-vaccination-alliance-breaking-new-ground\/\" \/>\n<meta property=\"og:locale\" content=\"ca_ES\" \/>\n<meta property=\"og:type\" content=\"article\" \/>\n<meta property=\"og:title\" content=\"Concentrol i l&#039;Alian\u00e7a per a la Vacunaci\u00f3 Infantil: estrenyent lla\u00e7os\" \/>\n<meta property=\"og:description\" content=\"Concentrol - Chemical Solutions\" \/>\n<meta property=\"og:url\" content=\"https:\/\/concentrol.com\/concentrol-and-the-child-vaccination-alliance-breaking-new-ground\/\" \/>\n<meta property=\"og:site_name\" content=\"Concentrol\" \/>\n<meta property=\"article:publisher\" content=\"https:\/\/www.facebook.com\/concentrol\/\" \/>\n<meta property=\"article:published_time\" content=\"2021-09-21T11:50:28+00:00\" \/>\n<meta property=\"article:modified_time\" content=\"2021-09-21T14:44:02+00:00\" \/>\n<meta property=\"og:image\" content=\"https:\/\/concentrol.com\/wp-content\/uploads\/2021\/09\/Vacunacio_Infantil.jpg\" \/>\n\t<meta property=\"og:image:width\" content=\"1920\" \/>\n\t<meta property=\"og:image:height\" content=\"727\" \/>\n\t<meta property=\"og:image:type\" content=\"image\/jpeg\" \/>\n<meta name=\"author\" content=\"Concentrol\" \/>\n<meta name=\"twitter:card\" content=\"summary_large_image\" \/>\n<meta name=\"twitter:creator\" content=\"@concentrol\" \/>\n<meta name=\"twitter:site\" content=\"@concentrol\" \/>\n<meta name=\"twitter:label1\" content=\"Escrit per\" \/>\n\t<meta name=\"twitter:data1\" content=\"Concentrol\" \/>\n\t<meta name=\"twitter:label2\" content=\"Temps estimat de lectura\" \/>\n\t<meta name=\"twitter:data2\" content=\"2 minuts\" \/>\n<script type=\"application\/ld+json\" class=\"yoast-schema-graph\">{\"@context\":\"https:\\\/\\\/schema.org\",\"@graph\":[{\"@type\":\"Article\",\"@id\":\"https:\\\/\\\/concentrol.com\\\/concentrol-and-the-child-vaccination-alliance-breaking-new-ground\\\/#article\",\"isPartOf\":{\"@id\":\"https:\\\/\\\/concentrol.com\\\/concentrol-and-the-child-vaccination-alliance-breaking-new-ground\\\/\"},\"author\":{\"name\":\"Concentrol\",\"@id\":\"https:\\\/\\\/concentrol.com\\\/de\\\/#\\\/schema\\\/person\\\/bb419b337f9891ebd33ccfd88e5c6d5e\"},\"headline\":\"Concentrol i l&#8217;Alian\u00e7a per a la Vacunaci\u00f3 Infantil: estrenyent lla\u00e7os\",\"datePublished\":\"2021-09-21T11:50:28+00:00\",\"dateModified\":\"2021-09-21T14:44:02+00:00\",\"mainEntityOfPage\":{\"@id\":\"https:\\\/\\\/concentrol.com\\\/concentrol-and-the-child-vaccination-alliance-breaking-new-ground\\\/\"},\"wordCount\":329,\"commentCount\":0,\"publisher\":{\"@id\":\"https:\\\/\\\/concentrol.com\\\/de\\\/#organization\"},\"image\":{\"@id\":\"https:\\\/\\\/concentrol.com\\\/concentrol-and-the-child-vaccination-alliance-breaking-new-ground\\\/#primaryimage\"},\"thumbnailUrl\":\"https:\\\/\\\/hosting175685eu-cp704.wordpresstemporal.com\\\/wp-content\\\/uploads\\\/2021\\\/09\\\/Vacunacio_Infantil.jpg\",\"keywords\":[\"concentrol\"],\"articleSection\":[\"Novetats\"],\"inLanguage\":\"ca\",\"potentialAction\":[{\"@type\":\"CommentAction\",\"name\":\"Comment\",\"target\":[\"https:\\\/\\\/concentrol.com\\\/concentrol-and-the-child-vaccination-alliance-breaking-new-ground\\\/#respond\"]}]},{\"@type\":\"WebPage\",\"@id\":\"https:\\\/\\\/concentrol.com\\\/concentrol-and-the-child-vaccination-alliance-breaking-new-ground\\\/\",\"url\":\"https:\\\/\\\/concentrol.com\\\/concentrol-and-the-child-vaccination-alliance-breaking-new-ground\\\/\",\"name\":\"Concentrol i l'Alian\u00e7a per a la Vacunaci\u00f3 Infantil: estrenyent lla\u00e7os\",\"isPartOf\":{\"@id\":\"https:\\\/\\\/concentrol.com\\\/de\\\/#website\"},\"primaryImageOfPage\":{\"@id\":\"https:\\\/\\\/concentrol.com\\\/concentrol-and-the-child-vaccination-alliance-breaking-new-ground\\\/#primaryimage\"},\"image\":{\"@id\":\"https:\\\/\\\/concentrol.com\\\/concentrol-and-the-child-vaccination-alliance-breaking-new-ground\\\/#primaryimage\"},\"thumbnailUrl\":\"https:\\\/\\\/hosting175685eu-cp704.wordpresstemporal.com\\\/wp-content\\\/uploads\\\/2021\\\/09\\\/Vacunacio_Infantil.jpg\",\"datePublished\":\"2021-09-21T11:50:28+00:00\",\"dateModified\":\"2021-09-21T14:44:02+00:00\",\"description\":\"Concentrol - Chemical Solutions\",\"breadcrumb\":{\"@id\":\"https:\\\/\\\/concentrol.com\\\/concentrol-and-the-child-vaccination-alliance-breaking-new-ground\\\/#breadcrumb\"},\"inLanguage\":\"ca\",\"potentialAction\":[{\"@type\":\"ReadAction\",\"target\":[\"https:\\\/\\\/concentrol.com\\\/concentrol-and-the-child-vaccination-alliance-breaking-new-ground\\\/\"]}]},{\"@type\":\"ImageObject\",\"inLanguage\":\"ca\",\"@id\":\"https:\\\/\\\/concentrol.com\\\/concentrol-and-the-child-vaccination-alliance-breaking-new-ground\\\/#primaryimage\",\"url\":\"https:\\\/\\\/hosting175685eu-cp704.wordpresstemporal.com\\\/wp-content\\\/uploads\\\/2021\\\/09\\\/Vacunacio_Infantil.jpg\",\"contentUrl\":\"https:\\\/\\\/hosting175685eu-cp704.wordpresstemporal.com\\\/wp-content\\\/uploads\\\/2021\\\/09\\\/Vacunacio_Infantil.jpg\",\"width\":1920,\"height\":727},{\"@type\":\"BreadcrumbList\",\"@id\":\"https:\\\/\\\/concentrol.com\\\/concentrol-and-the-child-vaccination-alliance-breaking-new-ground\\\/#breadcrumb\",\"itemListElement\":[{\"@type\":\"ListItem\",\"position\":1,\"name\":\"Inici\",\"item\":\"https:\\\/\\\/concentrol.com\\\/ca\\\/\"},{\"@type\":\"ListItem\",\"position\":2,\"name\":\"Concentrol i l&#8217;Alian\u00e7a per a la Vacunaci\u00f3 Infantil: estrenyent lla\u00e7os\"}]},{\"@type\":\"WebSite\",\"@id\":\"https:\\\/\\\/concentrol.com\\\/de\\\/#website\",\"url\":\"https:\\\/\\\/concentrol.com\\\/de\\\/\",\"name\":\"Concentrol\",\"description\":\"Chemical Solutions\",\"publisher\":{\"@id\":\"https:\\\/\\\/concentrol.com\\\/de\\\/#organization\"},\"potentialAction\":[{\"@type\":\"SearchAction\",\"target\":{\"@type\":\"EntryPoint\",\"urlTemplate\":\"https:\\\/\\\/concentrol.com\\\/de\\\/?s={search_term_string}\"},\"query-input\":{\"@type\":\"PropertyValueSpecification\",\"valueRequired\":true,\"valueName\":\"search_term_string\"}}],\"inLanguage\":\"ca\"},{\"@type\":\"Organization\",\"@id\":\"https:\\\/\\\/concentrol.com\\\/de\\\/#organization\",\"name\":\"Productos Concentrol, S.A.\",\"url\":\"https:\\\/\\\/concentrol.com\\\/de\\\/\",\"logo\":{\"@type\":\"ImageObject\",\"inLanguage\":\"ca\",\"@id\":\"https:\\\/\\\/concentrol.com\\\/de\\\/#\\\/schema\\\/logo\\\/image\\\/\",\"url\":\"https:\\\/\\\/concentrol.com\\\/wp-content\\\/uploads\\\/2019\\\/10\\\/logo_ok-01.png\",\"contentUrl\":\"https:\\\/\\\/concentrol.com\\\/wp-content\\\/uploads\\\/2019\\\/10\\\/logo_ok-01.png\",\"width\":1354,\"height\":1018,\"caption\":\"Productos Concentrol, S.A.\"},\"image\":{\"@id\":\"https:\\\/\\\/concentrol.com\\\/de\\\/#\\\/schema\\\/logo\\\/image\\\/\"},\"sameAs\":[\"https:\\\/\\\/www.facebook.com\\\/concentrol\\\/\",\"https:\\\/\\\/x.com\\\/concentrol\",\"https:\\\/\\\/www.linkedin.com\\\/company\\\/concentrol\\\/\",\"https:\\\/\\\/www.instagram.com\\\/concentrol_com\\\/\",\"https:\\\/\\\/www.youtube.com\\\/channel\\\/UCHRBaGs_viVptdVzPr6QF3A\"]},{\"@type\":\"Person\",\"@id\":\"https:\\\/\\\/concentrol.com\\\/de\\\/#\\\/schema\\\/person\\\/bb419b337f9891ebd33ccfd88e5c6d5e\",\"name\":\"Concentrol\",\"image\":{\"@type\":\"ImageObject\",\"inLanguage\":\"ca\",\"@id\":\"https:\\\/\\\/secure.gravatar.com\\\/avatar\\\/5946f0f264d4c92e1038db4d34eca2c42fb5c48d25fd5ca24349b4e49e474e43?s=96&d=mm&r=g\",\"url\":\"https:\\\/\\\/secure.gravatar.com\\\/avatar\\\/5946f0f264d4c92e1038db4d34eca2c42fb5c48d25fd5ca24349b4e49e474e43?s=96&d=mm&r=g\",\"contentUrl\":\"https:\\\/\\\/secure.gravatar.com\\\/avatar\\\/5946f0f264d4c92e1038db4d34eca2c42fb5c48d25fd5ca24349b4e49e474e43?s=96&d=mm&r=g\",\"caption\":\"Concentrol\"},\"url\":\"https:\\\/\\\/hosting175685eu-cp704.wordpresstemporal.com\\\/ca\\\/author\\\/anna\\\/\"}]}<\/script>\n<!-- \/ Yoast SEO plugin. -->","yoast_head_json":{"title":"Concentrol i l'Alian\u00e7a per a la Vacunaci\u00f3 Infantil: estrenyent lla\u00e7os","description":"Concentrol - Chemical Solutions","robots":{"index":"index","follow":"follow","max-snippet":"max-snippet:-1","max-image-preview":"max-image-preview:large","max-video-preview":"max-video-preview:-1"},"canonical":"https:\/\/concentrol.com\/concentrol-and-the-child-vaccination-alliance-breaking-new-ground\/","og_locale":"ca_ES","og_type":"article","og_title":"Concentrol i l'Alian\u00e7a per a la Vacunaci\u00f3 Infantil: estrenyent lla\u00e7os","og_description":"Concentrol - Chemical Solutions","og_url":"https:\/\/concentrol.com\/concentrol-and-the-child-vaccination-alliance-breaking-new-ground\/","og_site_name":"Concentrol","article_publisher":"https:\/\/www.facebook.com\/concentrol\/","article_published_time":"2021-09-21T11:50:28+00:00","article_modified_time":"2021-09-21T14:44:02+00:00","og_image":[{"width":1920,"height":727,"url":"https:\/\/concentrol.com\/wp-content\/uploads\/2021\/09\/Vacunacio_Infantil.jpg","type":"image\/jpeg"}],"author":"Concentrol","twitter_card":"summary_large_image","twitter_creator":"@concentrol","twitter_site":"@concentrol","twitter_misc":{"Escrit per":"Concentrol","Temps estimat de lectura":"2 minuts"},"schema":{"@context":"https:\/\/schema.org","@graph":[{"@type":"Article","@id":"https:\/\/concentrol.com\/concentrol-and-the-child-vaccination-alliance-breaking-new-ground\/#article","isPartOf":{"@id":"https:\/\/concentrol.com\/concentrol-and-the-child-vaccination-alliance-breaking-new-ground\/"},"author":{"name":"Concentrol","@id":"https:\/\/concentrol.com\/de\/#\/schema\/person\/bb419b337f9891ebd33ccfd88e5c6d5e"},"headline":"Concentrol i l&#8217;Alian\u00e7a per a la Vacunaci\u00f3 Infantil: estrenyent lla\u00e7os","datePublished":"2021-09-21T11:50:28+00:00","dateModified":"2021-09-21T14:44:02+00:00","mainEntityOfPage":{"@id":"https:\/\/concentrol.com\/concentrol-and-the-child-vaccination-alliance-breaking-new-ground\/"},"wordCount":329,"commentCount":0,"publisher":{"@id":"https:\/\/concentrol.com\/de\/#organization"},"image":{"@id":"https:\/\/concentrol.com\/concentrol-and-the-child-vaccination-alliance-breaking-new-ground\/#primaryimage"},"thumbnailUrl":"https:\/\/hosting175685eu-cp704.wordpresstemporal.com\/wp-content\/uploads\/2021\/09\/Vacunacio_Infantil.jpg","keywords":["concentrol"],"articleSection":["Novetats"],"inLanguage":"ca","potentialAction":[{"@type":"CommentAction","name":"Comment","target":["https:\/\/concentrol.com\/concentrol-and-the-child-vaccination-alliance-breaking-new-ground\/#respond"]}]},{"@type":"WebPage","@id":"https:\/\/concentrol.com\/concentrol-and-the-child-vaccination-alliance-breaking-new-ground\/","url":"https:\/\/concentrol.com\/concentrol-and-the-child-vaccination-alliance-breaking-new-ground\/","name":"Concentrol i l'Alian\u00e7a per a la Vacunaci\u00f3 Infantil: estrenyent lla\u00e7os","isPartOf":{"@id":"https:\/\/concentrol.com\/de\/#website"},"primaryImageOfPage":{"@id":"https:\/\/concentrol.com\/concentrol-and-the-child-vaccination-alliance-breaking-new-ground\/#primaryimage"},"image":{"@id":"https:\/\/concentrol.com\/concentrol-and-the-child-vaccination-alliance-breaking-new-ground\/#primaryimage"},"thumbnailUrl":"https:\/\/hosting175685eu-cp704.wordpresstemporal.com\/wp-content\/uploads\/2021\/09\/Vacunacio_Infantil.jpg","datePublished":"2021-09-21T11:50:28+00:00","dateModified":"2021-09-21T14:44:02+00:00","description":"Concentrol - Chemical Solutions","breadcrumb":{"@id":"https:\/\/concentrol.com\/concentrol-and-the-child-vaccination-alliance-breaking-new-ground\/#breadcrumb"},"inLanguage":"ca","potentialAction":[{"@type":"ReadAction","target":["https:\/\/concentrol.com\/concentrol-and-the-child-vaccination-alliance-breaking-new-ground\/"]}]},{"@type":"ImageObject","inLanguage":"ca","@id":"https:\/\/concentrol.com\/concentrol-and-the-child-vaccination-alliance-breaking-new-ground\/#primaryimage","url":"https:\/\/hosting175685eu-cp704.wordpresstemporal.com\/wp-content\/uploads\/2021\/09\/Vacunacio_Infantil.jpg","contentUrl":"https:\/\/hosting175685eu-cp704.wordpresstemporal.com\/wp-content\/uploads\/2021\/09\/Vacunacio_Infantil.jpg","width":1920,"height":727},{"@type":"BreadcrumbList","@id":"https:\/\/concentrol.com\/concentrol-and-the-child-vaccination-alliance-breaking-new-ground\/#breadcrumb","itemListElement":[{"@type":"ListItem","position":1,"name":"Inici","item":"https:\/\/concentrol.com\/ca\/"},{"@type":"ListItem","position":2,"name":"Concentrol i l&#8217;Alian\u00e7a per a la Vacunaci\u00f3 Infantil: estrenyent lla\u00e7os"}]},{"@type":"WebSite","@id":"https:\/\/concentrol.com\/de\/#website","url":"https:\/\/concentrol.com\/de\/","name":"Concentrol","description":"Chemical Solutions","publisher":{"@id":"https:\/\/concentrol.com\/de\/#organization"},"potentialAction":[{"@type":"SearchAction","target":{"@type":"EntryPoint","urlTemplate":"https:\/\/concentrol.com\/de\/?s={search_term_string}"},"query-input":{"@type":"PropertyValueSpecification","valueRequired":true,"valueName":"search_term_string"}}],"inLanguage":"ca"},{"@type":"Organization","@id":"https:\/\/concentrol.com\/de\/#organization","name":"Productos Concentrol, S.A.","url":"https:\/\/concentrol.com\/de\/","logo":{"@type":"ImageObject","inLanguage":"ca","@id":"https:\/\/concentrol.com\/de\/#\/schema\/logo\/image\/","url":"https:\/\/concentrol.com\/wp-content\/uploads\/2019\/10\/logo_ok-01.png","contentUrl":"https:\/\/concentrol.com\/wp-content\/uploads\/2019\/10\/logo_ok-01.png","width":1354,"height":1018,"caption":"Productos Concentrol, S.A."},"image":{"@id":"https:\/\/concentrol.com\/de\/#\/schema\/logo\/image\/"},"sameAs":["https:\/\/www.facebook.com\/concentrol\/","https:\/\/x.com\/concentrol","https:\/\/www.linkedin.com\/company\/concentrol\/","https:\/\/www.instagram.com\/concentrol_com\/","https:\/\/www.youtube.com\/channel\/UCHRBaGs_viVptdVzPr6QF3A"]},{"@type":"Person","@id":"https:\/\/concentrol.com\/de\/#\/schema\/person\/bb419b337f9891ebd33ccfd88e5c6d5e","name":"Concentrol","image":{"@type":"ImageObject","inLanguage":"ca","@id":"https:\/\/secure.gravatar.com\/avatar\/5946f0f264d4c92e1038db4d34eca2c42fb5c48d25fd5ca24349b4e49e474e43?s=96&d=mm&r=g","url":"https:\/\/secure.gravatar.com\/avatar\/5946f0f264d4c92e1038db4d34eca2c42fb5c48d25fd5ca24349b4e49e474e43?s=96&d=mm&r=g","contentUrl":"https:\/\/secure.gravatar.com\/avatar\/5946f0f264d4c92e1038db4d34eca2c42fb5c48d25fd5ca24349b4e49e474e43?s=96&d=mm&r=g","caption":"Concentrol"},"url":"https:\/\/hosting175685eu-cp704.wordpresstemporal.com\/ca\/author\/anna\/"}]}},"rttpg_featured_image_url":{"full":["https:\/\/hosting175685eu-cp704.wordpresstemporal.com\/wp-content\/uploads\/2021\/09\/Vacunacio_Infantil.jpg",1920,727,false],"landscape":["https:\/\/hosting175685eu-cp704.wordpresstemporal.com\/wp-content\/uploads\/2021\/09\/Vacunacio_Infantil.jpg",1920,727,false],"portraits":["https:\/\/hosting175685eu-cp704.wordpresstemporal.com\/wp-content\/uploads\/2021\/09\/Vacunacio_Infantil.jpg",1920,727,false],"thumbnail":["https:\/\/hosting175685eu-cp704.wordpresstemporal.com\/wp-content\/uploads\/2021\/09\/Vacunacio_Infantil-150x150.jpg",150,150,true],"medium":["https:\/\/hosting175685eu-cp704.wordpresstemporal.com\/wp-content\/uploads\/2021\/09\/Vacunacio_Infantil-300x114.jpg",300,114,true],"large":["https:\/\/hosting175685eu-cp704.wordpresstemporal.com\/wp-content\/uploads\/2021\/09\/Vacunacio_Infantil-1024x388.jpg",840,318,true],"1536x1536":["https:\/\/hosting175685eu-cp704.wordpresstemporal.com\/wp-content\/uploads\/2021\/09\/Vacunacio_Infantil-1536x582.jpg",1536,582,true],"2048x2048":["https:\/\/hosting175685eu-cp704.wordpresstemporal.com\/wp-content\/uploads\/2021\/09\/Vacunacio_Infantil.jpg",1920,727,false],"uncode_woocommerce_nav_thumbnail_regular":["https:\/\/hosting175685eu-cp704.wordpresstemporal.com\/wp-content\/uploads\/2021\/09\/Vacunacio_Infantil.jpg",350,133,false],"uncode_woocommerce_nav_thumbnail_crop":["https:\/\/hosting175685eu-cp704.wordpresstemporal.com\/wp-content\/uploads\/2021\/09\/Vacunacio_Infantil.jpg",348,132,false],"menu-thumb":["https:\/\/hosting175685eu-cp704.wordpresstemporal.com\/wp-content\/uploads\/2021\/09\/Vacunacio_Infantil.jpg",330,125,false],"woocommerce_thumbnail":["https:\/\/hosting175685eu-cp704.wordpresstemporal.com\/wp-content\/uploads\/2021\/09\/Vacunacio_Infantil-300x300.jpg",300,300,true],"woocommerce_single":["https:\/\/hosting175685eu-cp704.wordpresstemporal.com\/wp-content\/uploads\/2021\/09\/Vacunacio_Infantil.jpg",600,227,false],"woocommerce_gallery_thumbnail":["https:\/\/hosting175685eu-cp704.wordpresstemporal.com\/wp-content\/uploads\/2021\/09\/Vacunacio_Infantil-100x100.jpg",100,100,true],"rp4wp-thumbnail-post":["https:\/\/hosting175685eu-cp704.wordpresstemporal.com\/wp-content\/uploads\/2021\/09\/Vacunacio_Infantil-150x150.jpg",150,150,true]},"rttpg_author":{"display_name":"Concentrol","author_link":"https:\/\/hosting175685eu-cp704.wordpresstemporal.com\/ca\/author\/anna\/"},"rttpg_comment":0,"rttpg_category":"<a href=\"https:\/\/hosting175685eu-cp704.wordpresstemporal.com\/ca\/category\/noticies\/\" rel=\"category tag\">Novetats<\/a>","rttpg_excerpt":"[vc_row][vc_column][vc_column_text uncode_shortcode_id=\u00bb151717&#8243;] Cobrir les necessitats b\u00e0siques no hauria de ser un privilegi. Tenint en compte la situaci\u00f3 desfavorable que viuen [&hellip;]","_links":{"self":[{"href":"https:\/\/hosting175685eu-cp704.wordpresstemporal.com\/ca\/wp-json\/wp\/v2\/posts\/132885","targetHints":{"allow":["GET"]}}],"collection":[{"href":"https:\/\/hosting175685eu-cp704.wordpresstemporal.com\/ca\/wp-json\/wp\/v2\/posts"}],"about":[{"href":"https:\/\/hosting175685eu-cp704.wordpresstemporal.com\/ca\/wp-json\/wp\/v2\/types\/post"}],"author":[{"embeddable":true,"href":"https:\/\/hosting175685eu-cp704.wordpresstemporal.com\/ca\/wp-json\/wp\/v2\/users\/3"}],"replies":[{"embeddable":true,"href":"https:\/\/hosting175685eu-cp704.wordpresstemporal.com\/ca\/wp-json\/wp\/v2\/comments?post=132885"}],"version-history":[{"count":0,"href":"https:\/\/hosting175685eu-cp704.wordpresstemporal.com\/ca\/wp-json\/wp\/v2\/posts\/132885\/revisions"}],"wp:featuredmedia":[{"embeddable":true,"href":"https:\/\/hosting175685eu-cp704.wordpresstemporal.com\/ca\/wp-json\/wp\/v2\/media\/132869"}],"wp:attachment":[{"href":"https:\/\/hosting175685eu-cp704.wordpresstemporal.com\/ca\/wp-json\/wp\/v2\/media?parent=132885"}],"wp:term":[{"taxonomy":"category","embeddable":true,"href":"https:\/\/hosting175685eu-cp704.wordpresstemporal.com\/ca\/wp-json\/wp\/v2\/categories?post=132885"},{"taxonomy":"post_tag","embeddable":true,"href":"https:\/\/hosting175685eu-cp704.wordpresstemporal.com\/ca\/wp-json\/wp\/v2\/tags?post=132885"}],"curies":[{"name":"wp","href":"https:\/\/api.w.org\/{rel}","templated":true}]}}