{"id":170117,"date":"2026-01-23T11:18:15","date_gmt":"2026-01-23T09:18:15","guid":{"rendered":"https:\/\/concentrol.com\/concentrol-2026-close-to-formulation-industrial-processes-and-the-market\/"},"modified":"2026-01-23T12:00:27","modified_gmt":"2026-01-23T10:00:27","slug":"concentrol-el-2026-a-prop-de-la-formulacio-del-proces-industrial-i-del-mercat","status":"publish","type":"post","link":"https:\/\/hosting175685eu-cp704.wordpresstemporal.com\/ca\/concentrol-el-2026-a-prop-de-la-formulacio-del-proces-industrial-i-del-mercat\/","title":{"rendered":"Concentrol el 2026: a prop de la formulaci\u00f3, del proc\u00e9s industrial i del mercat"},"content":{"rendered":"<div class=\"wpb-content-wrapper\"><p>[vc_row][vc_column][vc_column_text uncode_shortcode_id=\u00bb710729&#8243;]<\/p>\n<p data-start=\"343\" data-end=\"606\">Durant el <strong data-start=\"353\" data-end=\"361\">2026<\/strong>, <strong data-start=\"363\" data-end=\"445\">Concentrol estar\u00e0 present en una selecci\u00f3 de fires i congressos internacionals<\/strong> que reflecteixen com i on treballa la companyia: <strong data-start=\"495\" data-end=\"605\">a prop de la formulaci\u00f3, dels processos industrials i dels mercats on el coneixement t\u00e8cnic \u00e9s determinant<\/strong>.<\/p>\n<p data-start=\"608\" data-end=\"1147\">L\u2019agenda d\u2019aquest any respon a <strong data-start=\"639\" data-end=\"658\">una visi\u00f3 clara<\/strong>. No es tracta de ser presents en molts esdeveniments, sin\u00f3 d\u2019estar en <strong data-start=\"729\" data-end=\"869\">aquells f\u00f2rums on convergeixen les l\u00ednies de producte de Concentrol, les seves capacitats t\u00e8cniques i les aplicacions reals dels clients<\/strong>. En aquest context, la companyia <strong data-start=\"903\" data-end=\"935\">participar\u00e0 en esdeveniments<\/strong> vinculats als <strong data-start=\"950\" data-end=\"1022\">coatings, els poliuretans, les escumes i les especialitats qu\u00edmiques<\/strong>, que abasten des de <strong data-start=\"1043\" data-end=\"1078\">trobades d\u2019alt contingut t\u00e8cnic<\/strong> fins a <strong data-start=\"1086\" data-end=\"1146\">congressos amb un enfocament m\u00e9s estrat\u00e8gic i industrial<\/strong>.<\/p>\n<p data-start=\"1149\" data-end=\"1653\">Al llarg de l\u2019any, Concentrol <strong data-start=\"1179\" data-end=\"1250\">tindr\u00e0 pres\u00e8ncia a Europa, Am\u00e8rica del Nord, Am\u00e8rica Llatina i \u00c0sia<\/strong>, combinant <strong data-start=\"1262\" data-end=\"1305\">pres\u00e8ncia directa i col\u00b7laboraci\u00f3 local<\/strong> en aquells mercats on un <strong data-start=\"1331\" data-end=\"1380\">suport t\u00e8cnic i comercial proper resulta clau<\/strong>. Aquesta pres\u00e8ncia internacional est\u00e0 alineada amb les regions on la companyia disposa de <strong data-start=\"1471\" data-end=\"1490\">filials pr\u00f2pies<\/strong>, considerades <strong data-start=\"1505\" data-end=\"1555\">priorit\u00e0ries dins de la seva estrat\u00e8gia global<\/strong>: <strong data-start=\"1557\" data-end=\"1652\">la Xina (Wuxi), el Brasil (S\u00e3o Paulo), M\u00e8xic (Ciutat de M\u00e8xic) i els Estats Units (Chicago)<\/strong>.<\/p>\n<h3 data-start=\"1655\" data-end=\"1669\"><strong data-start=\"1659\" data-end=\"1669\">Europa<\/strong><\/h3>\n<p data-start=\"1670\" data-end=\"1955\">El calendari s\u2019inicia a Europa amb <strong data-start=\"1705\" data-end=\"1739\">EUROCOAT Paris (23\u201326 de mar\u00e7)<\/strong>, una de les principals cites europees dedicades a la <strong data-start=\"1793\" data-end=\"1842\">formulaci\u00f3 i a les tecnologies de recobriment<\/strong>, que reuneix formuladors, fabricants i prove\u00efdors d\u2019especialitats qu\u00edmiques en un <strong data-start=\"1925\" data-end=\"1954\">entorn eminentment t\u00e8cnic<\/strong>.<\/p>\n<p data-start=\"1957\" data-end=\"2210\">Al maig, Concentrol <strong data-start=\"1977\" data-end=\"2028\">estar\u00e0 present a Paint Istanbul (27\u201328 de maig)<\/strong>, una fira de refer\u00e8ncia per al sector de <strong data-start=\"2070\" data-end=\"2097\">pintures i recobriments<\/strong> en una regi\u00f3 amb <strong data-start=\"2115\" data-end=\"2147\">un fort dinamisme industrial<\/strong>, refor\u00e7ant la <strong data-start=\"2162\" data-end=\"2209\">pres\u00e8ncia t\u00e8cnica de la companyia al mercat<\/strong>.<\/p>\n<p data-start=\"2212\" data-end=\"2462\">Els <strong data-start=\"2216\" data-end=\"2231\">poliuretans<\/strong> tindran tamb\u00e9 un paper destacat amb la participaci\u00f3 a <strong data-start=\"2286\" data-end=\"2321\">EUROPUR (10\u201311 de juny, Anvers)<\/strong>, un <strong data-start=\"2326\" data-end=\"2340\">f\u00f2rum clau<\/strong> per analitzar l\u2019evoluci\u00f3 del sector, els <strong data-start=\"2382\" data-end=\"2404\">reptes regulatoris<\/strong> i les <strong data-start=\"2411\" data-end=\"2461\">tend\u00e8ncies que afecten tota la cadena de valor<\/strong>.<\/p>\n<h3 data-start=\"2464\" data-end=\"2488\"><strong data-start=\"2468\" data-end=\"2488\">Am\u00e8rica del Nord<\/strong><\/h3>\n<p data-start=\"2489\" data-end=\"2825\">Els <strong data-start=\"2493\" data-end=\"2509\">Estats Units<\/strong> tornaran a ser un <strong data-start=\"2528\" data-end=\"2549\">mercat prioritari<\/strong> en l\u2019agenda de Concentrol. Al maig, la companyia <strong data-start=\"2599\" data-end=\"2658\">estar\u00e0 present a l\u2019American Coatings Show (5\u20137 de maig)<\/strong>, un dels esdeveniments de refer\u00e8ncia per a la ind\u00fastria dels recobriments a Am\u00e8rica del Nord, amb un enfocament clar en l\u2019<strong data-start=\"2781\" data-end=\"2824\">aplicaci\u00f3 final i la innovaci\u00f3 pr\u00e0ctica<\/strong>.<\/p>\n<p data-start=\"2827\" data-end=\"3086\">L\u2019agenda continuar\u00e0 amb <strong data-start=\"2851\" data-end=\"2894\">FOAM Expo North America (23\u201326 de juny)<\/strong>, un punt de trobada clau per al sector de les <strong data-start=\"2941\" data-end=\"2976\">escumes i els materials t\u00e8cnics<\/strong>, on s\u2019aborden aspectes relacionats amb la <strong data-start=\"3019\" data-end=\"3085\">formulaci\u00f3, els processos productius i l\u2019efici\u00e8ncia industrial<\/strong>.<\/p>\n<p data-start=\"3088\" data-end=\"3333\">A l\u2019octubre, Concentrol <strong data-start=\"3112\" data-end=\"3161\">participar\u00e0 al CPI Conference (5\u20137 d\u2019octubre)<\/strong>, un dels congressos internacionals m\u00e9s rellevants per a la ind\u00fastria del <strong data-start=\"3235\" data-end=\"3248\">poliuret\u00e0<\/strong>, centrat en la <strong data-start=\"3264\" data-end=\"3332\">innovaci\u00f3 tecnol\u00f2gica, la sostenibilitat i l\u2019evoluci\u00f3 del mercat<\/strong>.<\/p>\n<h3 data-start=\"3335\" data-end=\"3365\"><strong data-start=\"3339\" data-end=\"3365\">Am\u00e8rica Llatina i \u00c0sia<\/strong><\/h3>\n<p data-start=\"3366\" data-end=\"3603\">A <strong data-start=\"3368\" data-end=\"3387\">Am\u00e8rica Llatina<\/strong>, la companyia <strong data-start=\"3402\" data-end=\"3452\">estar\u00e0 present a FEIPUR Brasil (25\u201327 d\u2019agost)<\/strong>, un dels esdeveniments m\u00e9s importants del sector del <strong data-start=\"3506\" data-end=\"3519\">poliuret\u00e0<\/strong> a la regi\u00f3, que reuneix els <strong data-start=\"3548\" data-end=\"3602\">principals actors industrials i t\u00e8cnics del mercat<\/strong>.<\/p>\n<p data-start=\"3605\" data-end=\"3858\">L\u2019agenda internacional continuar\u00e0 a <strong data-start=\"3641\" data-end=\"3649\">\u00c0sia<\/strong> amb la participaci\u00f3 a <strong data-start=\"3672\" data-end=\"3705\">PU Shanghai (3\u20135 de novembre)<\/strong>, una <strong data-start=\"3711\" data-end=\"3734\">cita imprescindible<\/strong> per seguir de prop l\u2019evoluci\u00f3 d\u2019un dels <strong data-start=\"3775\" data-end=\"3816\">mercats m\u00e9s influents a escala global<\/strong> en poliuretans i especialitats qu\u00edmiques.<\/p>\n<p data-start=\"3860\" data-end=\"4066\">El calendari es tancar\u00e0 amb <strong data-start=\"3888\" data-end=\"3929\">Paints &amp; Coatings (18\u201319 de novembre)<\/strong>, refor\u00e7ant la pres\u00e8ncia de Concentrol en <strong data-start=\"3971\" data-end=\"4065\">f\u00f2rums especialitzats vinculats a la fam\u00edlia de recobriments per al sector de les pintures<\/strong>.<\/p>\n<p>[\/vc_column_text][\/vc_column][\/vc_row][vc_row][vc_column width=\u00bb1\/1&#8243;][vc_single_image media=\u00bb170109&#8243; media_width_percent=\u00bb100&#8243; uncode_shortcode_id=\u00bb962380&#8243;][\/vc_column][\/vc_row]<\/p>\n<\/div>","protected":false},"excerpt":{"rendered":"<p>[vc_row][vc_column][vc_column_text uncode_shortcode_id=\u00bb710729&#8243;] Durant el 2026, Concentrol estar\u00e0 present en una selecci\u00f3 de fires i congressos internacionals que reflecteixen com i [&hellip;]<\/p>\n","protected":false},"author":36,"featured_media":0,"comment_status":"open","ping_status":"open","sticky":false,"template":"","format":"standard","meta":{"_acf_changed":false,"content-type":"","footnotes":""},"categories":[1],"tags":[],"class_list":["post-170117","post","type-post","status-publish","format-standard","hentry","category-noticies"],"acf":[],"yoast_head":"<!-- This site is optimized with the Yoast SEO plugin v28.4 - https:\/\/yoast.com\/product\/yoast-seo-wordpress\/ -->\n<title>Concentrol el 2026: a prop de la formulaci\u00f3, del proc\u00e9s industrial i del mercat<\/title>\n<meta name=\"description\" content=\"Concentrol - Chemical Solutions\" \/>\n<meta name=\"robots\" content=\"index, follow, max-snippet:-1, max-image-preview:large, max-video-preview:-1\" \/>\n<link rel=\"canonical\" href=\"https:\/\/concentrol.com\/concentrol-2026-close-to-formulation-industrial-processes-and-the-market\/\" \/>\n<meta property=\"og:locale\" content=\"ca_ES\" \/>\n<meta property=\"og:type\" content=\"article\" \/>\n<meta property=\"og:title\" content=\"Concentrol el 2026: a prop de la formulaci\u00f3, del proc\u00e9s industrial i del mercat\" \/>\n<meta property=\"og:description\" content=\"Concentrol - Chemical Solutions\" \/>\n<meta property=\"og:url\" content=\"https:\/\/concentrol.com\/concentrol-2026-close-to-formulation-industrial-processes-and-the-market\/\" \/>\n<meta property=\"og:site_name\" content=\"Concentrol\" \/>\n<meta property=\"article:publisher\" content=\"https:\/\/www.facebook.com\/concentrol\/\" \/>\n<meta property=\"article:published_time\" content=\"2026-01-23T09:18:15+00:00\" \/>\n<meta property=\"article:modified_time\" content=\"2026-01-23T10:00:27+00:00\" \/>\n<meta property=\"og:image\" content=\"https:\/\/hosting175685eu-cp704.wordpresstemporal.com\/wp-content\/uploads\/2019\/05\/logo_ok-01.png\" \/>\n\t<meta property=\"og:image:width\" content=\"1354\" \/>\n\t<meta property=\"og:image:height\" content=\"1018\" \/>\n\t<meta property=\"og:image:type\" content=\"image\/png\" \/>\n<meta name=\"author\" content=\"Concentrol\" \/>\n<meta name=\"twitter:card\" content=\"summary_large_image\" \/>\n<meta name=\"twitter:creator\" content=\"@concentrol\" \/>\n<meta name=\"twitter:site\" content=\"@concentrol\" \/>\n<meta name=\"twitter:label1\" content=\"Escrit per\" \/>\n\t<meta name=\"twitter:data1\" content=\"Concentrol\" \/>\n\t<meta name=\"twitter:label2\" content=\"Temps estimat de lectura\" \/>\n\t<meta name=\"twitter:data2\" content=\"2 minuts\" \/>\n<script type=\"application\/ld+json\" class=\"yoast-schema-graph\">{\"@context\":\"https:\\\/\\\/schema.org\",\"@graph\":[{\"@type\":\"Article\",\"@id\":\"https:\\\/\\\/concentrol.com\\\/concentrol-2026-close-to-formulation-industrial-processes-and-the-market\\\/#article\",\"isPartOf\":{\"@id\":\"https:\\\/\\\/concentrol.com\\\/concentrol-2026-close-to-formulation-industrial-processes-and-the-market\\\/\"},\"author\":{\"name\":\"Concentrol\",\"@id\":\"https:\\\/\\\/concentrol.com\\\/de\\\/#\\\/schema\\\/person\\\/95e5c6c53e842361a5621fa16fbb67d9\"},\"headline\":\"Concentrol el 2026: a prop de la formulaci\u00f3, del proc\u00e9s industrial i del mercat\",\"datePublished\":\"2026-01-23T09:18:15+00:00\",\"dateModified\":\"2026-01-23T10:00:27+00:00\",\"mainEntityOfPage\":{\"@id\":\"https:\\\/\\\/concentrol.com\\\/concentrol-2026-close-to-formulation-industrial-processes-and-the-market\\\/\"},\"wordCount\":646,\"commentCount\":0,\"publisher\":{\"@id\":\"https:\\\/\\\/concentrol.com\\\/de\\\/#organization\"},\"articleSection\":[\"Novetats\"],\"inLanguage\":\"ca\",\"potentialAction\":[{\"@type\":\"CommentAction\",\"name\":\"Comment\",\"target\":[\"https:\\\/\\\/concentrol.com\\\/concentrol-2026-close-to-formulation-industrial-processes-and-the-market\\\/#respond\"]}]},{\"@type\":\"WebPage\",\"@id\":\"https:\\\/\\\/concentrol.com\\\/concentrol-2026-close-to-formulation-industrial-processes-and-the-market\\\/\",\"url\":\"https:\\\/\\\/concentrol.com\\\/concentrol-2026-close-to-formulation-industrial-processes-and-the-market\\\/\",\"name\":\"Concentrol el 2026: a prop de la formulaci\u00f3, del proc\u00e9s industrial i del mercat\",\"isPartOf\":{\"@id\":\"https:\\\/\\\/concentrol.com\\\/de\\\/#website\"},\"datePublished\":\"2026-01-23T09:18:15+00:00\",\"dateModified\":\"2026-01-23T10:00:27+00:00\",\"description\":\"Concentrol - Chemical Solutions\",\"breadcrumb\":{\"@id\":\"https:\\\/\\\/concentrol.com\\\/concentrol-2026-close-to-formulation-industrial-processes-and-the-market\\\/#breadcrumb\"},\"inLanguage\":\"ca\",\"potentialAction\":[{\"@type\":\"ReadAction\",\"target\":[\"https:\\\/\\\/concentrol.com\\\/concentrol-2026-close-to-formulation-industrial-processes-and-the-market\\\/\"]}]},{\"@type\":\"BreadcrumbList\",\"@id\":\"https:\\\/\\\/concentrol.com\\\/concentrol-2026-close-to-formulation-industrial-processes-and-the-market\\\/#breadcrumb\",\"itemListElement\":[{\"@type\":\"ListItem\",\"position\":1,\"name\":\"Inici\",\"item\":\"https:\\\/\\\/concentrol.com\\\/ca\\\/\"},{\"@type\":\"ListItem\",\"position\":2,\"name\":\"Concentrol el 2026: a prop de la formulaci\u00f3, del proc\u00e9s industrial i del mercat\"}]},{\"@type\":\"WebSite\",\"@id\":\"https:\\\/\\\/concentrol.com\\\/de\\\/#website\",\"url\":\"https:\\\/\\\/concentrol.com\\\/de\\\/\",\"name\":\"Concentrol\",\"description\":\"Chemical Solutions\",\"publisher\":{\"@id\":\"https:\\\/\\\/concentrol.com\\\/de\\\/#organization\"},\"potentialAction\":[{\"@type\":\"SearchAction\",\"target\":{\"@type\":\"EntryPoint\",\"urlTemplate\":\"https:\\\/\\\/concentrol.com\\\/de\\\/?s={search_term_string}\"},\"query-input\":{\"@type\":\"PropertyValueSpecification\",\"valueRequired\":true,\"valueName\":\"search_term_string\"}}],\"inLanguage\":\"ca\"},{\"@type\":\"Organization\",\"@id\":\"https:\\\/\\\/concentrol.com\\\/de\\\/#organization\",\"name\":\"Productos Concentrol, S.A.\",\"url\":\"https:\\\/\\\/concentrol.com\\\/de\\\/\",\"logo\":{\"@type\":\"ImageObject\",\"inLanguage\":\"ca\",\"@id\":\"https:\\\/\\\/concentrol.com\\\/de\\\/#\\\/schema\\\/logo\\\/image\\\/\",\"url\":\"https:\\\/\\\/concentrol.com\\\/wp-content\\\/uploads\\\/2019\\\/10\\\/logo_ok-01.png\",\"contentUrl\":\"https:\\\/\\\/concentrol.com\\\/wp-content\\\/uploads\\\/2019\\\/10\\\/logo_ok-01.png\",\"width\":1354,\"height\":1018,\"caption\":\"Productos Concentrol, S.A.\"},\"image\":{\"@id\":\"https:\\\/\\\/concentrol.com\\\/de\\\/#\\\/schema\\\/logo\\\/image\\\/\"},\"sameAs\":[\"https:\\\/\\\/www.facebook.com\\\/concentrol\\\/\",\"https:\\\/\\\/x.com\\\/concentrol\",\"https:\\\/\\\/www.linkedin.com\\\/company\\\/concentrol\\\/\",\"https:\\\/\\\/www.instagram.com\\\/concentrol_com\\\/\",\"https:\\\/\\\/www.youtube.com\\\/channel\\\/UCHRBaGs_viVptdVzPr6QF3A\"]},{\"@type\":\"Person\",\"@id\":\"https:\\\/\\\/concentrol.com\\\/de\\\/#\\\/schema\\\/person\\\/95e5c6c53e842361a5621fa16fbb67d9\",\"name\":\"Concentrol\",\"image\":{\"@type\":\"ImageObject\",\"inLanguage\":\"ca\",\"@id\":\"https:\\\/\\\/secure.gravatar.com\\\/avatar\\\/88723254bc5779e04dc89ca51b86cf78f06be209391ef76547037c0022db0ebd?s=96&d=mm&r=g\",\"url\":\"https:\\\/\\\/secure.gravatar.com\\\/avatar\\\/88723254bc5779e04dc89ca51b86cf78f06be209391ef76547037c0022db0ebd?s=96&d=mm&r=g\",\"contentUrl\":\"https:\\\/\\\/secure.gravatar.com\\\/avatar\\\/88723254bc5779e04dc89ca51b86cf78f06be209391ef76547037c0022db0ebd?s=96&d=mm&r=g\",\"caption\":\"Concentrol\"},\"url\":\"https:\\\/\\\/hosting175685eu-cp704.wordpresstemporal.com\\\/ca\\\/author\\\/nguardiaconcentrol-com\\\/\"}]}<\/script>\n<!-- \/ Yoast SEO plugin. -->","yoast_head_json":{"title":"Concentrol el 2026: a prop de la formulaci\u00f3, del proc\u00e9s industrial i del mercat","description":"Concentrol - Chemical Solutions","robots":{"index":"index","follow":"follow","max-snippet":"max-snippet:-1","max-image-preview":"max-image-preview:large","max-video-preview":"max-video-preview:-1"},"canonical":"https:\/\/concentrol.com\/concentrol-2026-close-to-formulation-industrial-processes-and-the-market\/","og_locale":"ca_ES","og_type":"article","og_title":"Concentrol el 2026: a prop de la formulaci\u00f3, del proc\u00e9s industrial i del mercat","og_description":"Concentrol - Chemical Solutions","og_url":"https:\/\/concentrol.com\/concentrol-2026-close-to-formulation-industrial-processes-and-the-market\/","og_site_name":"Concentrol","article_publisher":"https:\/\/www.facebook.com\/concentrol\/","article_published_time":"2026-01-23T09:18:15+00:00","article_modified_time":"2026-01-23T10:00:27+00:00","og_image":[{"width":1354,"height":1018,"url":"https:\/\/hosting175685eu-cp704.wordpresstemporal.com\/wp-content\/uploads\/2019\/05\/logo_ok-01.png","type":"image\/png"}],"author":"Concentrol","twitter_card":"summary_large_image","twitter_creator":"@concentrol","twitter_site":"@concentrol","twitter_misc":{"Escrit per":"Concentrol","Temps estimat de lectura":"2 minuts"},"schema":{"@context":"https:\/\/schema.org","@graph":[{"@type":"Article","@id":"https:\/\/concentrol.com\/concentrol-2026-close-to-formulation-industrial-processes-and-the-market\/#article","isPartOf":{"@id":"https:\/\/concentrol.com\/concentrol-2026-close-to-formulation-industrial-processes-and-the-market\/"},"author":{"name":"Concentrol","@id":"https:\/\/concentrol.com\/de\/#\/schema\/person\/95e5c6c53e842361a5621fa16fbb67d9"},"headline":"Concentrol el 2026: a prop de la formulaci\u00f3, del proc\u00e9s industrial i del mercat","datePublished":"2026-01-23T09:18:15+00:00","dateModified":"2026-01-23T10:00:27+00:00","mainEntityOfPage":{"@id":"https:\/\/concentrol.com\/concentrol-2026-close-to-formulation-industrial-processes-and-the-market\/"},"wordCount":646,"commentCount":0,"publisher":{"@id":"https:\/\/concentrol.com\/de\/#organization"},"articleSection":["Novetats"],"inLanguage":"ca","potentialAction":[{"@type":"CommentAction","name":"Comment","target":["https:\/\/concentrol.com\/concentrol-2026-close-to-formulation-industrial-processes-and-the-market\/#respond"]}]},{"@type":"WebPage","@id":"https:\/\/concentrol.com\/concentrol-2026-close-to-formulation-industrial-processes-and-the-market\/","url":"https:\/\/concentrol.com\/concentrol-2026-close-to-formulation-industrial-processes-and-the-market\/","name":"Concentrol el 2026: a prop de la formulaci\u00f3, del proc\u00e9s industrial i del mercat","isPartOf":{"@id":"https:\/\/concentrol.com\/de\/#website"},"datePublished":"2026-01-23T09:18:15+00:00","dateModified":"2026-01-23T10:00:27+00:00","description":"Concentrol - Chemical Solutions","breadcrumb":{"@id":"https:\/\/concentrol.com\/concentrol-2026-close-to-formulation-industrial-processes-and-the-market\/#breadcrumb"},"inLanguage":"ca","potentialAction":[{"@type":"ReadAction","target":["https:\/\/concentrol.com\/concentrol-2026-close-to-formulation-industrial-processes-and-the-market\/"]}]},{"@type":"BreadcrumbList","@id":"https:\/\/concentrol.com\/concentrol-2026-close-to-formulation-industrial-processes-and-the-market\/#breadcrumb","itemListElement":[{"@type":"ListItem","position":1,"name":"Inici","item":"https:\/\/concentrol.com\/ca\/"},{"@type":"ListItem","position":2,"name":"Concentrol el 2026: a prop de la formulaci\u00f3, del proc\u00e9s industrial i del mercat"}]},{"@type":"WebSite","@id":"https:\/\/concentrol.com\/de\/#website","url":"https:\/\/concentrol.com\/de\/","name":"Concentrol","description":"Chemical Solutions","publisher":{"@id":"https:\/\/concentrol.com\/de\/#organization"},"potentialAction":[{"@type":"SearchAction","target":{"@type":"EntryPoint","urlTemplate":"https:\/\/concentrol.com\/de\/?s={search_term_string}"},"query-input":{"@type":"PropertyValueSpecification","valueRequired":true,"valueName":"search_term_string"}}],"inLanguage":"ca"},{"@type":"Organization","@id":"https:\/\/concentrol.com\/de\/#organization","name":"Productos Concentrol, S.A.","url":"https:\/\/concentrol.com\/de\/","logo":{"@type":"ImageObject","inLanguage":"ca","@id":"https:\/\/concentrol.com\/de\/#\/schema\/logo\/image\/","url":"https:\/\/concentrol.com\/wp-content\/uploads\/2019\/10\/logo_ok-01.png","contentUrl":"https:\/\/concentrol.com\/wp-content\/uploads\/2019\/10\/logo_ok-01.png","width":1354,"height":1018,"caption":"Productos Concentrol, S.A."},"image":{"@id":"https:\/\/concentrol.com\/de\/#\/schema\/logo\/image\/"},"sameAs":["https:\/\/www.facebook.com\/concentrol\/","https:\/\/x.com\/concentrol","https:\/\/www.linkedin.com\/company\/concentrol\/","https:\/\/www.instagram.com\/concentrol_com\/","https:\/\/www.youtube.com\/channel\/UCHRBaGs_viVptdVzPr6QF3A"]},{"@type":"Person","@id":"https:\/\/concentrol.com\/de\/#\/schema\/person\/95e5c6c53e842361a5621fa16fbb67d9","name":"Concentrol","image":{"@type":"ImageObject","inLanguage":"ca","@id":"https:\/\/secure.gravatar.com\/avatar\/88723254bc5779e04dc89ca51b86cf78f06be209391ef76547037c0022db0ebd?s=96&d=mm&r=g","url":"https:\/\/secure.gravatar.com\/avatar\/88723254bc5779e04dc89ca51b86cf78f06be209391ef76547037c0022db0ebd?s=96&d=mm&r=g","contentUrl":"https:\/\/secure.gravatar.com\/avatar\/88723254bc5779e04dc89ca51b86cf78f06be209391ef76547037c0022db0ebd?s=96&d=mm&r=g","caption":"Concentrol"},"url":"https:\/\/hosting175685eu-cp704.wordpresstemporal.com\/ca\/author\/nguardiaconcentrol-com\/"}]}},"rttpg_featured_image_url":null,"rttpg_author":{"display_name":"Concentrol","author_link":"https:\/\/hosting175685eu-cp704.wordpresstemporal.com\/ca\/author\/nguardiaconcentrol-com\/"},"rttpg_comment":0,"rttpg_category":"<a href=\"https:\/\/hosting175685eu-cp704.wordpresstemporal.com\/ca\/category\/noticies\/\" rel=\"category tag\">Novetats<\/a>","rttpg_excerpt":"[vc_row][vc_column][vc_column_text uncode_shortcode_id=\u00bb710729&#8243;] Durant el 2026, Concentrol estar\u00e0 present en una selecci\u00f3 de fires i congressos internacionals que reflecteixen com i [&hellip;]","_links":{"self":[{"href":"https:\/\/hosting175685eu-cp704.wordpresstemporal.com\/ca\/wp-json\/wp\/v2\/posts\/170117","targetHints":{"allow":["GET"]}}],"collection":[{"href":"https:\/\/hosting175685eu-cp704.wordpresstemporal.com\/ca\/wp-json\/wp\/v2\/posts"}],"about":[{"href":"https:\/\/hosting175685eu-cp704.wordpresstemporal.com\/ca\/wp-json\/wp\/v2\/types\/post"}],"author":[{"embeddable":true,"href":"https:\/\/hosting175685eu-cp704.wordpresstemporal.com\/ca\/wp-json\/wp\/v2\/users\/36"}],"replies":[{"embeddable":true,"href":"https:\/\/hosting175685eu-cp704.wordpresstemporal.com\/ca\/wp-json\/wp\/v2\/comments?post=170117"}],"version-history":[{"count":3,"href":"https:\/\/hosting175685eu-cp704.wordpresstemporal.com\/ca\/wp-json\/wp\/v2\/posts\/170117\/revisions"}],"predecessor-version":[{"id":170144,"href":"https:\/\/hosting175685eu-cp704.wordpresstemporal.com\/ca\/wp-json\/wp\/v2\/posts\/170117\/revisions\/170144"}],"wp:attachment":[{"href":"https:\/\/hosting175685eu-cp704.wordpresstemporal.com\/ca\/wp-json\/wp\/v2\/media?parent=170117"}],"wp:term":[{"taxonomy":"category","embeddable":true,"href":"https:\/\/hosting175685eu-cp704.wordpresstemporal.com\/ca\/wp-json\/wp\/v2\/categories?post=170117"},{"taxonomy":"post_tag","embeddable":true,"href":"https:\/\/hosting175685eu-cp704.wordpresstemporal.com\/ca\/wp-json\/wp\/v2\/tags?post=170117"}],"curies":[{"name":"wp","href":"https:\/\/api.w.org\/{rel}","templated":true}]}}