{"id":139089,"date":"2022-06-28T09:54:47","date_gmt":"2022-06-28T07:54:47","guid":{"rendered":"https:\/\/concentrol.com\/concentrol-recognizes-the-trajectory-of-raul-coll-in-the-company\/"},"modified":"2022-06-28T09:56:31","modified_gmt":"2022-06-28T07:56:31","slug":"concentrol-reconoce-la-trayectoria-de-raul-coll-en-la-empresa","status":"publish","type":"post","link":"https:\/\/hosting175685eu-cp704.wordpresstemporal.com\/es\/concentrol-reconoce-la-trayectoria-de-raul-coll-en-la-empresa\/","title":{"rendered":"Concentrol reconoce la trayectoria de Ra\u00fcl Coll en la empresa"},"content":{"rendered":"<div class=\"wpb-content-wrapper\"><p>[vc_row][vc_column][vc_column_text uncode_shortcode_id=\u00bb178273&#8243;]<span style=\"font-weight: 400;\">Concentrol pone esfuerzo en reunir el mejor equipo humano de profesionales para seguir innovando. Los productos de la compa\u00f1\u00eda qu\u00edmica son fruto del esfuerzo de muchas personas. Algunos miembros del equipo llevan en la empresa muchos a\u00f1os.<\/span><\/p>\n<p><span style=\"font-weight: 400;\">Ra\u00fcl Coll ha acompa\u00f1ado a Concentrol durante los \u00faltimos 25 a\u00f1os, siendo uno miembro destacado que ha ayudado a crecer la empresa como referentes del sector de las soluciones qu\u00edmicas.<\/span><\/p>\n<p><span style=\"font-weight: 400;\">El pasado 20 de mayo de 2022, Coll cumpli\u00f3 la efem\u00e9ride y Concentrol quiso entregarle un obsequio como agradecimiento a su dedicaci\u00f3n y profesionalidad.<\/span><\/p>\n<p><span style=\"font-weight: 400;\">Ra\u00fcl empez\u00f3 en la empresa de muy joven como operario de almac\u00e9n y toda su trayectoria ha ido ligada a la empresa hasta que el marzo de 2006 asumi\u00f3 las responsabilidades de responsable de turno de producci\u00f3n.<\/span><\/p>\n<p><span style=\"font-weight: 400;\">Concentrol tiene muy claro que para seguir creciendo como l\u00edderes del mercado de las soluciones qu\u00edmicas es indispensable cuidar su capital humano; las personas que trabajan son fundamentales en el funcionamiento de la empresa.<\/span><\/p>\n<p><img decoding=\"async\" class=\"aligncenter wp-image-139062 size-large\" src=\"https:\/\/concentrol.com\/wp-content\/uploads\/2022\/06\/IMG_7755-1-1024x768.jpg\" alt=\"\" width=\"840\" height=\"630\" srcset=\"https:\/\/hosting175685eu-cp704.wordpresstemporal.com\/wp-content\/uploads\/2022\/06\/IMG_7755-1-1024x768.jpg 1024w, https:\/\/hosting175685eu-cp704.wordpresstemporal.com\/wp-content\/uploads\/2022\/06\/IMG_7755-1-300x225.jpg 300w, https:\/\/hosting175685eu-cp704.wordpresstemporal.com\/wp-content\/uploads\/2022\/06\/IMG_7755-1-768x576.jpg 768w, https:\/\/hosting175685eu-cp704.wordpresstemporal.com\/wp-content\/uploads\/2022\/06\/IMG_7755-1-1536x1152.jpg 1536w, https:\/\/hosting175685eu-cp704.wordpresstemporal.com\/wp-content\/uploads\/2022\/06\/IMG_7755-1-2048x1536.jpg 2048w, https:\/\/hosting175685eu-cp704.wordpresstemporal.com\/wp-content\/uploads\/2022\/06\/IMG_7755-1-scaled.jpg 2560w\" sizes=\"(max-width: 840px) 100vw, 840px\" \/>[\/vc_column_text][\/vc_column][\/vc_row]<\/p>\n<\/div>","protected":false},"excerpt":{"rendered":"<p>[vc_row][vc_column][vc_column_text uncode_shortcode_id=\u00bb178273&#8243;]Concentrol pone esfuerzo en reunir el mejor equipo humano de profesionales para seguir innovando. Los productos de la compa\u00f1\u00eda [&hellip;]<\/p>\n","protected":false},"author":24,"featured_media":139067,"comment_status":"open","ping_status":"open","sticky":false,"template":"","format":"standard","meta":{"_acf_changed":false,"content-type":"","footnotes":""},"categories":[106],"tags":[816],"class_list":["post-139089","post","type-post","status-publish","format-standard","has-post-thumbnail","hentry","category-noticias","tag-concentrol-es"],"acf":[],"yoast_head":"<!-- This site is optimized with the Yoast SEO plugin v28.4 - https:\/\/yoast.com\/product\/yoast-seo-wordpress\/ -->\n<title>Concentrol reconoce la trayectoria de Ra\u00fcl Coll en la empresa<\/title>\n<meta name=\"description\" content=\"Concentrol - Chemical Solutions\" \/>\n<meta name=\"robots\" content=\"index, follow, max-snippet:-1, max-image-preview:large, max-video-preview:-1\" \/>\n<link rel=\"canonical\" href=\"https:\/\/concentrol.com\/es\/concentrol-reconoce-la-trayectoria-de-raul-coll-en-la-empresa\/\" \/>\n<meta property=\"og:locale\" content=\"es_ES\" \/>\n<meta property=\"og:type\" content=\"article\" \/>\n<meta property=\"og:title\" content=\"Concentrol reconoce la trayectoria de Ra\u00fcl Coll en la empresa\" \/>\n<meta property=\"og:description\" content=\"Concentrol - Chemical Solutions\" \/>\n<meta property=\"og:url\" content=\"https:\/\/concentrol.com\/es\/concentrol-reconoce-la-trayectoria-de-raul-coll-en-la-empresa\/\" \/>\n<meta property=\"og:site_name\" content=\"Concentrol\" \/>\n<meta property=\"article:publisher\" content=\"https:\/\/www.facebook.com\/concentrol\/\" \/>\n<meta property=\"article:published_time\" content=\"2022-06-28T07:54:47+00:00\" \/>\n<meta property=\"article:modified_time\" content=\"2022-06-28T07:56:31+00:00\" \/>\n<meta property=\"og:image\" content=\"https:\/\/concentrol.com\/wp-content\/uploads\/2022\/06\/IMG_7755-1-scaled.jpg\" \/>\n\t<meta property=\"og:image:width\" content=\"2560\" \/>\n\t<meta property=\"og:image:height\" content=\"1920\" \/>\n\t<meta property=\"og:image:type\" content=\"image\/jpeg\" \/>\n<meta name=\"author\" content=\"Concentrol\" \/>\n<meta name=\"twitter:card\" content=\"summary_large_image\" \/>\n<meta name=\"twitter:creator\" content=\"@concentrol\" \/>\n<meta name=\"twitter:site\" content=\"@concentrol\" \/>\n<meta name=\"twitter:label1\" content=\"Escrito por\" \/>\n\t<meta name=\"twitter:data1\" content=\"Concentrol\" \/>\n\t<meta name=\"twitter:label2\" content=\"Tiempo de lectura\" \/>\n\t<meta name=\"twitter:data2\" content=\"1 minuto\" \/>\n<script type=\"application\/ld+json\" class=\"yoast-schema-graph\">{\"@context\":\"https:\\\/\\\/schema.org\",\"@graph\":[{\"@type\":\"Article\",\"@id\":\"https:\\\/\\\/concentrol.com\\\/es\\\/concentrol-reconoce-la-trayectoria-de-raul-coll-en-la-empresa\\\/#article\",\"isPartOf\":{\"@id\":\"https:\\\/\\\/concentrol.com\\\/es\\\/concentrol-reconoce-la-trayectoria-de-raul-coll-en-la-empresa\\\/\"},\"author\":{\"name\":\"Concentrol\",\"@id\":\"https:\\\/\\\/concentrol.com\\\/de\\\/#\\\/schema\\\/person\\\/96ad1545da9744d05dde6c453ce10d69\"},\"headline\":\"Concentrol reconoce la trayectoria de Ra\u00fcl Coll en la empresa\",\"datePublished\":\"2022-06-28T07:54:47+00:00\",\"dateModified\":\"2022-06-28T07:56:31+00:00\",\"mainEntityOfPage\":{\"@id\":\"https:\\\/\\\/concentrol.com\\\/es\\\/concentrol-reconoce-la-trayectoria-de-raul-coll-en-la-empresa\\\/\"},\"wordCount\":200,\"commentCount\":0,\"publisher\":{\"@id\":\"https:\\\/\\\/concentrol.com\\\/de\\\/#organization\"},\"image\":{\"@id\":\"https:\\\/\\\/concentrol.com\\\/es\\\/concentrol-reconoce-la-trayectoria-de-raul-coll-en-la-empresa\\\/#primaryimage\"},\"thumbnailUrl\":\"https:\\\/\\\/hosting175685eu-cp704.wordpresstemporal.com\\\/wp-content\\\/uploads\\\/2022\\\/06\\\/IMG_7755-1-scaled.jpg\",\"keywords\":[\"concentrol\"],\"articleSection\":[\"Noticias\"],\"inLanguage\":\"es\",\"potentialAction\":[{\"@type\":\"CommentAction\",\"name\":\"Comment\",\"target\":[\"https:\\\/\\\/concentrol.com\\\/es\\\/concentrol-reconoce-la-trayectoria-de-raul-coll-en-la-empresa\\\/#respond\"]}]},{\"@type\":\"WebPage\",\"@id\":\"https:\\\/\\\/concentrol.com\\\/es\\\/concentrol-reconoce-la-trayectoria-de-raul-coll-en-la-empresa\\\/\",\"url\":\"https:\\\/\\\/concentrol.com\\\/es\\\/concentrol-reconoce-la-trayectoria-de-raul-coll-en-la-empresa\\\/\",\"name\":\"Concentrol reconoce la trayectoria de Ra\u00fcl Coll en la empresa\",\"isPartOf\":{\"@id\":\"https:\\\/\\\/concentrol.com\\\/de\\\/#website\"},\"primaryImageOfPage\":{\"@id\":\"https:\\\/\\\/concentrol.com\\\/es\\\/concentrol-reconoce-la-trayectoria-de-raul-coll-en-la-empresa\\\/#primaryimage\"},\"image\":{\"@id\":\"https:\\\/\\\/concentrol.com\\\/es\\\/concentrol-reconoce-la-trayectoria-de-raul-coll-en-la-empresa\\\/#primaryimage\"},\"thumbnailUrl\":\"https:\\\/\\\/hosting175685eu-cp704.wordpresstemporal.com\\\/wp-content\\\/uploads\\\/2022\\\/06\\\/IMG_7755-1-scaled.jpg\",\"datePublished\":\"2022-06-28T07:54:47+00:00\",\"dateModified\":\"2022-06-28T07:56:31+00:00\",\"description\":\"Concentrol - Chemical Solutions\",\"breadcrumb\":{\"@id\":\"https:\\\/\\\/concentrol.com\\\/es\\\/concentrol-reconoce-la-trayectoria-de-raul-coll-en-la-empresa\\\/#breadcrumb\"},\"inLanguage\":\"es\",\"potentialAction\":[{\"@type\":\"ReadAction\",\"target\":[\"https:\\\/\\\/concentrol.com\\\/es\\\/concentrol-reconoce-la-trayectoria-de-raul-coll-en-la-empresa\\\/\"]}]},{\"@type\":\"ImageObject\",\"inLanguage\":\"es\",\"@id\":\"https:\\\/\\\/concentrol.com\\\/es\\\/concentrol-reconoce-la-trayectoria-de-raul-coll-en-la-empresa\\\/#primaryimage\",\"url\":\"https:\\\/\\\/hosting175685eu-cp704.wordpresstemporal.com\\\/wp-content\\\/uploads\\\/2022\\\/06\\\/IMG_7755-1-scaled.jpg\",\"contentUrl\":\"https:\\\/\\\/hosting175685eu-cp704.wordpresstemporal.com\\\/wp-content\\\/uploads\\\/2022\\\/06\\\/IMG_7755-1-scaled.jpg\",\"width\":2560,\"height\":1920},{\"@type\":\"BreadcrumbList\",\"@id\":\"https:\\\/\\\/concentrol.com\\\/es\\\/concentrol-reconoce-la-trayectoria-de-raul-coll-en-la-empresa\\\/#breadcrumb\",\"itemListElement\":[{\"@type\":\"ListItem\",\"position\":1,\"name\":\"Inici\",\"item\":\"https:\\\/\\\/concentrol.com\\\/es\\\/\"},{\"@type\":\"ListItem\",\"position\":2,\"name\":\"Concentrol reconoce la trayectoria de Ra\u00fcl Coll en la empresa\"}]},{\"@type\":\"WebSite\",\"@id\":\"https:\\\/\\\/concentrol.com\\\/de\\\/#website\",\"url\":\"https:\\\/\\\/concentrol.com\\\/de\\\/\",\"name\":\"Concentrol\",\"description\":\"Chemical Solutions\",\"publisher\":{\"@id\":\"https:\\\/\\\/concentrol.com\\\/de\\\/#organization\"},\"potentialAction\":[{\"@type\":\"SearchAction\",\"target\":{\"@type\":\"EntryPoint\",\"urlTemplate\":\"https:\\\/\\\/concentrol.com\\\/de\\\/?s={search_term_string}\"},\"query-input\":{\"@type\":\"PropertyValueSpecification\",\"valueRequired\":true,\"valueName\":\"search_term_string\"}}],\"inLanguage\":\"es\"},{\"@type\":\"Organization\",\"@id\":\"https:\\\/\\\/concentrol.com\\\/de\\\/#organization\",\"name\":\"Productos Concentrol, S.A.\",\"url\":\"https:\\\/\\\/concentrol.com\\\/de\\\/\",\"logo\":{\"@type\":\"ImageObject\",\"inLanguage\":\"es\",\"@id\":\"https:\\\/\\\/concentrol.com\\\/de\\\/#\\\/schema\\\/logo\\\/image\\\/\",\"url\":\"https:\\\/\\\/concentrol.com\\\/wp-content\\\/uploads\\\/2019\\\/10\\\/logo_ok-01.png\",\"contentUrl\":\"https:\\\/\\\/concentrol.com\\\/wp-content\\\/uploads\\\/2019\\\/10\\\/logo_ok-01.png\",\"width\":1354,\"height\":1018,\"caption\":\"Productos Concentrol, S.A.\"},\"image\":{\"@id\":\"https:\\\/\\\/concentrol.com\\\/de\\\/#\\\/schema\\\/logo\\\/image\\\/\"},\"sameAs\":[\"https:\\\/\\\/www.facebook.com\\\/concentrol\\\/\",\"https:\\\/\\\/x.com\\\/concentrol\",\"https:\\\/\\\/www.linkedin.com\\\/company\\\/concentrol\\\/\",\"https:\\\/\\\/www.instagram.com\\\/concentrol_com\\\/\",\"https:\\\/\\\/www.youtube.com\\\/channel\\\/UCHRBaGs_viVptdVzPr6QF3A\"]},{\"@type\":\"Person\",\"@id\":\"https:\\\/\\\/concentrol.com\\\/de\\\/#\\\/schema\\\/person\\\/96ad1545da9744d05dde6c453ce10d69\",\"name\":\"Concentrol\",\"image\":{\"@type\":\"ImageObject\",\"inLanguage\":\"es\",\"@id\":\"https:\\\/\\\/secure.gravatar.com\\\/avatar\\\/3f324e6185191eab2bb52e2e03ca3142c1df8735a6132500bbc1b6fc921716ed?s=96&d=mm&r=g\",\"url\":\"https:\\\/\\\/secure.gravatar.com\\\/avatar\\\/3f324e6185191eab2bb52e2e03ca3142c1df8735a6132500bbc1b6fc921716ed?s=96&d=mm&r=g\",\"contentUrl\":\"https:\\\/\\\/secure.gravatar.com\\\/avatar\\\/3f324e6185191eab2bb52e2e03ca3142c1df8735a6132500bbc1b6fc921716ed?s=96&d=mm&r=g\",\"caption\":\"Concentrol\"},\"url\":\"https:\\\/\\\/hosting175685eu-cp704.wordpresstemporal.com\\\/es\\\/author\\\/helenaelgiroscopi-com\\\/\"}]}<\/script>\n<!-- \/ Yoast SEO plugin. -->","yoast_head_json":{"title":"Concentrol reconoce la trayectoria de Ra\u00fcl Coll en la empresa","description":"Concentrol - Chemical Solutions","robots":{"index":"index","follow":"follow","max-snippet":"max-snippet:-1","max-image-preview":"max-image-preview:large","max-video-preview":"max-video-preview:-1"},"canonical":"https:\/\/concentrol.com\/es\/concentrol-reconoce-la-trayectoria-de-raul-coll-en-la-empresa\/","og_locale":"es_ES","og_type":"article","og_title":"Concentrol reconoce la trayectoria de Ra\u00fcl Coll en la empresa","og_description":"Concentrol - Chemical Solutions","og_url":"https:\/\/concentrol.com\/es\/concentrol-reconoce-la-trayectoria-de-raul-coll-en-la-empresa\/","og_site_name":"Concentrol","article_publisher":"https:\/\/www.facebook.com\/concentrol\/","article_published_time":"2022-06-28T07:54:47+00:00","article_modified_time":"2022-06-28T07:56:31+00:00","og_image":[{"width":2560,"height":1920,"url":"https:\/\/concentrol.com\/wp-content\/uploads\/2022\/06\/IMG_7755-1-scaled.jpg","type":"image\/jpeg"}],"author":"Concentrol","twitter_card":"summary_large_image","twitter_creator":"@concentrol","twitter_site":"@concentrol","twitter_misc":{"Escrito por":"Concentrol","Tiempo de lectura":"1 minuto"},"schema":{"@context":"https:\/\/schema.org","@graph":[{"@type":"Article","@id":"https:\/\/concentrol.com\/es\/concentrol-reconoce-la-trayectoria-de-raul-coll-en-la-empresa\/#article","isPartOf":{"@id":"https:\/\/concentrol.com\/es\/concentrol-reconoce-la-trayectoria-de-raul-coll-en-la-empresa\/"},"author":{"name":"Concentrol","@id":"https:\/\/concentrol.com\/de\/#\/schema\/person\/96ad1545da9744d05dde6c453ce10d69"},"headline":"Concentrol reconoce la trayectoria de Ra\u00fcl Coll en la empresa","datePublished":"2022-06-28T07:54:47+00:00","dateModified":"2022-06-28T07:56:31+00:00","mainEntityOfPage":{"@id":"https:\/\/concentrol.com\/es\/concentrol-reconoce-la-trayectoria-de-raul-coll-en-la-empresa\/"},"wordCount":200,"commentCount":0,"publisher":{"@id":"https:\/\/concentrol.com\/de\/#organization"},"image":{"@id":"https:\/\/concentrol.com\/es\/concentrol-reconoce-la-trayectoria-de-raul-coll-en-la-empresa\/#primaryimage"},"thumbnailUrl":"https:\/\/hosting175685eu-cp704.wordpresstemporal.com\/wp-content\/uploads\/2022\/06\/IMG_7755-1-scaled.jpg","keywords":["concentrol"],"articleSection":["Noticias"],"inLanguage":"es","potentialAction":[{"@type":"CommentAction","name":"Comment","target":["https:\/\/concentrol.com\/es\/concentrol-reconoce-la-trayectoria-de-raul-coll-en-la-empresa\/#respond"]}]},{"@type":"WebPage","@id":"https:\/\/concentrol.com\/es\/concentrol-reconoce-la-trayectoria-de-raul-coll-en-la-empresa\/","url":"https:\/\/concentrol.com\/es\/concentrol-reconoce-la-trayectoria-de-raul-coll-en-la-empresa\/","name":"Concentrol reconoce la trayectoria de Ra\u00fcl Coll en la empresa","isPartOf":{"@id":"https:\/\/concentrol.com\/de\/#website"},"primaryImageOfPage":{"@id":"https:\/\/concentrol.com\/es\/concentrol-reconoce-la-trayectoria-de-raul-coll-en-la-empresa\/#primaryimage"},"image":{"@id":"https:\/\/concentrol.com\/es\/concentrol-reconoce-la-trayectoria-de-raul-coll-en-la-empresa\/#primaryimage"},"thumbnailUrl":"https:\/\/hosting175685eu-cp704.wordpresstemporal.com\/wp-content\/uploads\/2022\/06\/IMG_7755-1-scaled.jpg","datePublished":"2022-06-28T07:54:47+00:00","dateModified":"2022-06-28T07:56:31+00:00","description":"Concentrol - Chemical Solutions","breadcrumb":{"@id":"https:\/\/concentrol.com\/es\/concentrol-reconoce-la-trayectoria-de-raul-coll-en-la-empresa\/#breadcrumb"},"inLanguage":"es","potentialAction":[{"@type":"ReadAction","target":["https:\/\/concentrol.com\/es\/concentrol-reconoce-la-trayectoria-de-raul-coll-en-la-empresa\/"]}]},{"@type":"ImageObject","inLanguage":"es","@id":"https:\/\/concentrol.com\/es\/concentrol-reconoce-la-trayectoria-de-raul-coll-en-la-empresa\/#primaryimage","url":"https:\/\/hosting175685eu-cp704.wordpresstemporal.com\/wp-content\/uploads\/2022\/06\/IMG_7755-1-scaled.jpg","contentUrl":"https:\/\/hosting175685eu-cp704.wordpresstemporal.com\/wp-content\/uploads\/2022\/06\/IMG_7755-1-scaled.jpg","width":2560,"height":1920},{"@type":"BreadcrumbList","@id":"https:\/\/concentrol.com\/es\/concentrol-reconoce-la-trayectoria-de-raul-coll-en-la-empresa\/#breadcrumb","itemListElement":[{"@type":"ListItem","position":1,"name":"Inici","item":"https:\/\/concentrol.com\/es\/"},{"@type":"ListItem","position":2,"name":"Concentrol reconoce la trayectoria de Ra\u00fcl Coll en la empresa"}]},{"@type":"WebSite","@id":"https:\/\/concentrol.com\/de\/#website","url":"https:\/\/concentrol.com\/de\/","name":"Concentrol","description":"Chemical Solutions","publisher":{"@id":"https:\/\/concentrol.com\/de\/#organization"},"potentialAction":[{"@type":"SearchAction","target":{"@type":"EntryPoint","urlTemplate":"https:\/\/concentrol.com\/de\/?s={search_term_string}"},"query-input":{"@type":"PropertyValueSpecification","valueRequired":true,"valueName":"search_term_string"}}],"inLanguage":"es"},{"@type":"Organization","@id":"https:\/\/concentrol.com\/de\/#organization","name":"Productos Concentrol, S.A.","url":"https:\/\/concentrol.com\/de\/","logo":{"@type":"ImageObject","inLanguage":"es","@id":"https:\/\/concentrol.com\/de\/#\/schema\/logo\/image\/","url":"https:\/\/concentrol.com\/wp-content\/uploads\/2019\/10\/logo_ok-01.png","contentUrl":"https:\/\/concentrol.com\/wp-content\/uploads\/2019\/10\/logo_ok-01.png","width":1354,"height":1018,"caption":"Productos Concentrol, S.A."},"image":{"@id":"https:\/\/concentrol.com\/de\/#\/schema\/logo\/image\/"},"sameAs":["https:\/\/www.facebook.com\/concentrol\/","https:\/\/x.com\/concentrol","https:\/\/www.linkedin.com\/company\/concentrol\/","https:\/\/www.instagram.com\/concentrol_com\/","https:\/\/www.youtube.com\/channel\/UCHRBaGs_viVptdVzPr6QF3A"]},{"@type":"Person","@id":"https:\/\/concentrol.com\/de\/#\/schema\/person\/96ad1545da9744d05dde6c453ce10d69","name":"Concentrol","image":{"@type":"ImageObject","inLanguage":"es","@id":"https:\/\/secure.gravatar.com\/avatar\/3f324e6185191eab2bb52e2e03ca3142c1df8735a6132500bbc1b6fc921716ed?s=96&d=mm&r=g","url":"https:\/\/secure.gravatar.com\/avatar\/3f324e6185191eab2bb52e2e03ca3142c1df8735a6132500bbc1b6fc921716ed?s=96&d=mm&r=g","contentUrl":"https:\/\/secure.gravatar.com\/avatar\/3f324e6185191eab2bb52e2e03ca3142c1df8735a6132500bbc1b6fc921716ed?s=96&d=mm&r=g","caption":"Concentrol"},"url":"https:\/\/hosting175685eu-cp704.wordpresstemporal.com\/es\/author\/helenaelgiroscopi-com\/"}]}},"rttpg_featured_image_url":{"full":["https:\/\/hosting175685eu-cp704.wordpresstemporal.com\/wp-content\/uploads\/2022\/06\/IMG_7755-1-scaled.jpg",2560,1920,false],"landscape":["https:\/\/hosting175685eu-cp704.wordpresstemporal.com\/wp-content\/uploads\/2022\/06\/IMG_7755-1-scaled.jpg",2560,1920,false],"portraits":["https:\/\/hosting175685eu-cp704.wordpresstemporal.com\/wp-content\/uploads\/2022\/06\/IMG_7755-1-scaled.jpg",2560,1920,false],"thumbnail":["https:\/\/hosting175685eu-cp704.wordpresstemporal.com\/wp-content\/uploads\/2022\/06\/IMG_7755-1-150x150.jpg",150,150,true],"medium":["https:\/\/hosting175685eu-cp704.wordpresstemporal.com\/wp-content\/uploads\/2022\/06\/IMG_7755-1-300x225.jpg",300,225,true],"large":["https:\/\/hosting175685eu-cp704.wordpresstemporal.com\/wp-content\/uploads\/2022\/06\/IMG_7755-1-1024x768.jpg",840,630,true],"1536x1536":["https:\/\/hosting175685eu-cp704.wordpresstemporal.com\/wp-content\/uploads\/2022\/06\/IMG_7755-1-1536x1152.jpg",1536,1152,true],"2048x2048":["https:\/\/hosting175685eu-cp704.wordpresstemporal.com\/wp-content\/uploads\/2022\/06\/IMG_7755-1-2048x1536.jpg",2048,1536,true],"uncode_woocommerce_nav_thumbnail_regular":["https:\/\/hosting175685eu-cp704.wordpresstemporal.com\/wp-content\/uploads\/2022\/06\/IMG_7755-1-scaled.jpg",350,263,false],"uncode_woocommerce_nav_thumbnail_crop":["https:\/\/hosting175685eu-cp704.wordpresstemporal.com\/wp-content\/uploads\/2022\/06\/IMG_7755-1-scaled.jpg",348,261,false],"menu-thumb":["https:\/\/hosting175685eu-cp704.wordpresstemporal.com\/wp-content\/uploads\/2022\/06\/IMG_7755-1-330x230.jpg",330,230,true],"woocommerce_thumbnail":["https:\/\/hosting175685eu-cp704.wordpresstemporal.com\/wp-content\/uploads\/2022\/06\/IMG_7755-1-scaled-300x300.jpg",300,300,true],"woocommerce_single":["https:\/\/hosting175685eu-cp704.wordpresstemporal.com\/wp-content\/uploads\/2022\/06\/IMG_7755-1-scaled.jpg",600,450,false],"woocommerce_gallery_thumbnail":["https:\/\/hosting175685eu-cp704.wordpresstemporal.com\/wp-content\/uploads\/2022\/06\/IMG_7755-1-scaled-100x100.jpg",100,100,true],"rp4wp-thumbnail-post":["https:\/\/hosting175685eu-cp704.wordpresstemporal.com\/wp-content\/uploads\/2022\/06\/IMG_7755-1-150x150.jpg",150,150,true]},"rttpg_author":{"display_name":"Concentrol","author_link":"https:\/\/hosting175685eu-cp704.wordpresstemporal.com\/es\/author\/helenaelgiroscopi-com\/"},"rttpg_comment":0,"rttpg_category":"<a href=\"https:\/\/hosting175685eu-cp704.wordpresstemporal.com\/es\/category\/noticias\/\" rel=\"category tag\">Noticias<\/a>","rttpg_excerpt":"[vc_row][vc_column][vc_column_text uncode_shortcode_id=\u00bb178273&#8243;]Concentrol pone esfuerzo en reunir el mejor equipo humano de profesionales para seguir innovando. Los productos de la compa\u00f1\u00eda [&hellip;]","_links":{"self":[{"href":"https:\/\/hosting175685eu-cp704.wordpresstemporal.com\/es\/wp-json\/wp\/v2\/posts\/139089","targetHints":{"allow":["GET"]}}],"collection":[{"href":"https:\/\/hosting175685eu-cp704.wordpresstemporal.com\/es\/wp-json\/wp\/v2\/posts"}],"about":[{"href":"https:\/\/hosting175685eu-cp704.wordpresstemporal.com\/es\/wp-json\/wp\/v2\/types\/post"}],"author":[{"embeddable":true,"href":"https:\/\/hosting175685eu-cp704.wordpresstemporal.com\/es\/wp-json\/wp\/v2\/users\/24"}],"replies":[{"embeddable":true,"href":"https:\/\/hosting175685eu-cp704.wordpresstemporal.com\/es\/wp-json\/wp\/v2\/comments?post=139089"}],"version-history":[{"count":1,"href":"https:\/\/hosting175685eu-cp704.wordpresstemporal.com\/es\/wp-json\/wp\/v2\/posts\/139089\/revisions"}],"predecessor-version":[{"id":139093,"href":"https:\/\/hosting175685eu-cp704.wordpresstemporal.com\/es\/wp-json\/wp\/v2\/posts\/139089\/revisions\/139093"}],"wp:featuredmedia":[{"embeddable":true,"href":"https:\/\/hosting175685eu-cp704.wordpresstemporal.com\/es\/wp-json\/wp\/v2\/media\/139067"}],"wp:attachment":[{"href":"https:\/\/hosting175685eu-cp704.wordpresstemporal.com\/es\/wp-json\/wp\/v2\/media?parent=139089"}],"wp:term":[{"taxonomy":"category","embeddable":true,"href":"https:\/\/hosting175685eu-cp704.wordpresstemporal.com\/es\/wp-json\/wp\/v2\/categories?post=139089"},{"taxonomy":"post_tag","embeddable":true,"href":"https:\/\/hosting175685eu-cp704.wordpresstemporal.com\/es\/wp-json\/wp\/v2\/tags?post=139089"}],"curies":[{"name":"wp","href":"https:\/\/api.w.org\/{rel}","templated":true}]}}