{"id":155385,"date":"2024-05-09T12:12:34","date_gmt":"2024-05-09T10:12:34","guid":{"rendered":"https:\/\/concentrol.com\/concentrol-joins-the-success-of-the-iv-edition-of-giroinfant\/"},"modified":"2024-05-09T12:37:36","modified_gmt":"2024-05-09T10:37:36","slug":"concentrol-se-suma-al-exito-de-la-iv-edicion-de-giroinfant","status":"publish","type":"post","link":"https:\/\/hosting175685eu-cp704.wordpresstemporal.com\/es\/concentrol-se-suma-al-exito-de-la-iv-edicion-de-giroinfant\/","title":{"rendered":"Concentrol se suma al \u00e9xito de la IV edici\u00f3n de Giroinfant"},"content":{"rendered":"<div class=\"wpb-content-wrapper\"><p>[vc_row][vc_column][vc_column_text uncode_shortcode_id=\u00bb957655&#8243;]El pasado fin de semana, Girona fue testigo de un evento que reuni\u00f3 a la comunidad en torno a una causa solidaria: la <strong>IV edici\u00f3n de Giroinfant<\/strong>. Concentrol, empresa l\u00edder en soluciones qu\u00edmicas con sede en la regi\u00f3n, estuvo presente en este emocionante encuentro.<\/p>\n<p>La nueva edici\u00f3n de este evento tuvo lugar en el<strong> Espacio Mas Marroch del Celler de Can Roca<\/strong> y ofreci\u00f3 una noche maravillosa con exquisita gastronom\u00eda, actuaciones en directo y emocionantes sorpresas. Sin embargo, el verdadero prop\u00f3sito de esta velada fue apoyar una noble causa, reafirmando el compromiso de toda la sociedad por la lucha del bienestar de los ni\u00f1os y las ni\u00f1as..<\/p>\n<p>Giroinfant, un evento que <strong>super\u00f3 todas las expectativas al alcanzar una cifra r\u00e9cord de asistencia<\/strong>, fue un d\u00eda de celebraci\u00f3n y solidaridad. Aunque el enfoque principal era la recreaci\u00f3n y el entretenimiento, tambi\u00e9n se destac\u00f3 la importancia de apoyar causas ben\u00e9ficas.<\/p>\n<p>Concentrol, conocido por su compromiso con la comunidad local, se uni\u00f3 a la IV edici\u00f3n de Giroinfant con entusiasmo y determinaci\u00f3n. La colaboraci\u00f3n de<strong> Concentrol<\/strong> en este evento solidario refleja su <strong>compromiso con la comunidad<\/strong> y su deseo de contribuir al bienestar de la regi\u00f3n.<\/p>\n<p>Como se puede apreciar en las <a href=\"https:\/\/www.facebook.com\/media\/set\/?vanity=contraelcancer.girona&amp;set=a.644366494392695\">im\u00e1genes<\/a>, fue una noche llena de sonrisas, un ambiente positivo, esperanza y un sincero deseo de ayudar a aquellos afectados y a sus familias.<\/p>\n<p>Nuestra participaci\u00f3n activa en Giroinfant es un testimonio de nuestro apoyo a iniciativas locales que promueven la solidaridad y el desarrollo comunitario. Desde Concentrol, expresamos nuestra satisfacci\u00f3n por formar parte de este exitoso evento y reafirmamos nuestro compromiso de seguir apoyando iniciativas que fortalezcan el tejido social de la regi\u00f3n. Esperamos con entusiasmo futuras oportunidades para colaborar en eventos que beneficien a la comunidad local.[\/vc_column_text][\/vc_column][\/vc_row][vc_row][vc_column width=\u00bb1\/1&#8243;][vc_single_image media=\u00bb155356&#8243; media_width_percent=\u00bb100&#8243; uncode_shortcode_id=\u00bb134516&#8243;][\/vc_column][\/vc_row]<\/p>\n<\/div>","protected":false},"excerpt":{"rendered":"<p>[vc_row][vc_column][vc_column_text uncode_shortcode_id=\u00bb957655&#8243;]El pasado fin de semana, Girona fue testigo de un evento que reuni\u00f3 a la comunidad en torno a [&hellip;]<\/p>\n","protected":false},"author":36,"featured_media":0,"comment_status":"open","ping_status":"open","sticky":false,"template":"","format":"standard","meta":{"_acf_changed":false,"content-type":"","footnotes":""},"categories":[106],"tags":[816,1092,1093],"class_list":["post-155385","post","type-post","status-publish","format-standard","hentry","category-noticias","tag-concentrol-es","tag-united-nations-es","tag-world-es"],"acf":[],"yoast_head":"<!-- This site is optimized with the Yoast SEO plugin v28.0 - https:\/\/yoast.com\/product\/yoast-seo-wordpress\/ -->\n<title>Concentrol se suma al \u00e9xito de la IV edici\u00f3n de Giroinfant - Concentrol<\/title>\n<meta name=\"description\" content=\"Concentrol - Chemical Solutions\" \/>\n<meta name=\"robots\" content=\"index, follow, max-snippet:-1, max-image-preview:large, max-video-preview:-1\" \/>\n<link rel=\"canonical\" href=\"https:\/\/concentrol.com\/es\/concentrol-se-suma-al-exito-de-la-iv-edicion-de-giroinfant\/\" \/>\n<meta property=\"og:locale\" content=\"es_ES\" \/>\n<meta property=\"og:type\" content=\"article\" \/>\n<meta property=\"og:title\" content=\"Concentrol se suma al \u00e9xito de la IV edici\u00f3n de Giroinfant - Concentrol\" \/>\n<meta property=\"og:description\" content=\"Concentrol - Chemical Solutions\" \/>\n<meta property=\"og:url\" content=\"https:\/\/concentrol.com\/es\/concentrol-se-suma-al-exito-de-la-iv-edicion-de-giroinfant\/\" \/>\n<meta property=\"og:site_name\" content=\"Concentrol\" \/>\n<meta property=\"article:publisher\" content=\"https:\/\/www.facebook.com\/concentrol\/\" \/>\n<meta property=\"article:published_time\" content=\"2024-05-09T10:12:34+00:00\" \/>\n<meta property=\"article:modified_time\" content=\"2024-05-09T10:37:36+00:00\" \/>\n<meta property=\"og:image\" content=\"https:\/\/hosting175685eu-cp704.wordpresstemporal.com\/wp-content\/uploads\/2019\/05\/logo_ok-01.png\" \/>\n\t<meta property=\"og:image:width\" content=\"1354\" \/>\n\t<meta property=\"og:image:height\" content=\"1018\" \/>\n\t<meta property=\"og:image:type\" content=\"image\/png\" \/>\n<meta name=\"author\" content=\"Concentrol\" \/>\n<meta name=\"twitter:card\" content=\"summary_large_image\" \/>\n<meta name=\"twitter:creator\" content=\"@concentrol\" \/>\n<meta name=\"twitter:site\" content=\"@concentrol\" \/>\n<meta name=\"twitter:label1\" content=\"Escrito por\" \/>\n\t<meta name=\"twitter:data1\" content=\"Concentrol\" \/>\n\t<meta name=\"twitter:label2\" content=\"Tiempo de lectura\" \/>\n\t<meta name=\"twitter:data2\" content=\"2 minutos\" \/>\n<script type=\"application\/ld+json\" class=\"yoast-schema-graph\">{\"@context\":\"https:\\\/\\\/schema.org\",\"@graph\":[{\"@type\":\"Article\",\"@id\":\"https:\\\/\\\/concentrol.com\\\/es\\\/concentrol-se-suma-al-exito-de-la-iv-edicion-de-giroinfant\\\/#article\",\"isPartOf\":{\"@id\":\"https:\\\/\\\/concentrol.com\\\/es\\\/concentrol-se-suma-al-exito-de-la-iv-edicion-de-giroinfant\\\/\"},\"author\":{\"name\":\"Concentrol\",\"@id\":\"https:\\\/\\\/concentrol.com\\\/de\\\/#\\\/schema\\\/person\\\/95e5c6c53e842361a5621fa16fbb67d9\"},\"headline\":\"Concentrol se suma al \u00e9xito de la IV edici\u00f3n de Giroinfant\",\"datePublished\":\"2024-05-09T10:12:34+00:00\",\"dateModified\":\"2024-05-09T10:37:36+00:00\",\"mainEntityOfPage\":{\"@id\":\"https:\\\/\\\/concentrol.com\\\/es\\\/concentrol-se-suma-al-exito-de-la-iv-edicion-de-giroinfant\\\/\"},\"wordCount\":359,\"commentCount\":0,\"publisher\":{\"@id\":\"https:\\\/\\\/concentrol.com\\\/de\\\/#organization\"},\"keywords\":[\"concentrol\",\"united nations\",\"world\"],\"articleSection\":[\"Noticias\"],\"inLanguage\":\"es\",\"potentialAction\":[{\"@type\":\"CommentAction\",\"name\":\"Comment\",\"target\":[\"https:\\\/\\\/concentrol.com\\\/es\\\/concentrol-se-suma-al-exito-de-la-iv-edicion-de-giroinfant\\\/#respond\"]}]},{\"@type\":\"WebPage\",\"@id\":\"https:\\\/\\\/concentrol.com\\\/es\\\/concentrol-se-suma-al-exito-de-la-iv-edicion-de-giroinfant\\\/\",\"url\":\"https:\\\/\\\/concentrol.com\\\/es\\\/concentrol-se-suma-al-exito-de-la-iv-edicion-de-giroinfant\\\/\",\"name\":\"Concentrol se suma al \u00e9xito de la IV edici\u00f3n de Giroinfant - Concentrol\",\"isPartOf\":{\"@id\":\"https:\\\/\\\/concentrol.com\\\/de\\\/#website\"},\"datePublished\":\"2024-05-09T10:12:34+00:00\",\"dateModified\":\"2024-05-09T10:37:36+00:00\",\"description\":\"Concentrol - Chemical Solutions\",\"breadcrumb\":{\"@id\":\"https:\\\/\\\/concentrol.com\\\/es\\\/concentrol-se-suma-al-exito-de-la-iv-edicion-de-giroinfant\\\/#breadcrumb\"},\"inLanguage\":\"es\",\"potentialAction\":[{\"@type\":\"ReadAction\",\"target\":[\"https:\\\/\\\/concentrol.com\\\/es\\\/concentrol-se-suma-al-exito-de-la-iv-edicion-de-giroinfant\\\/\"]}]},{\"@type\":\"BreadcrumbList\",\"@id\":\"https:\\\/\\\/concentrol.com\\\/es\\\/concentrol-se-suma-al-exito-de-la-iv-edicion-de-giroinfant\\\/#breadcrumb\",\"itemListElement\":[{\"@type\":\"ListItem\",\"position\":1,\"name\":\"Inici\",\"item\":\"https:\\\/\\\/concentrol.com\\\/es\\\/\"},{\"@type\":\"ListItem\",\"position\":2,\"name\":\"Concentrol se suma al \u00e9xito de la IV edici\u00f3n de Giroinfant\"}]},{\"@type\":\"WebSite\",\"@id\":\"https:\\\/\\\/concentrol.com\\\/de\\\/#website\",\"url\":\"https:\\\/\\\/concentrol.com\\\/de\\\/\",\"name\":\"Concentrol\",\"description\":\"Chemical Solutions\",\"publisher\":{\"@id\":\"https:\\\/\\\/concentrol.com\\\/de\\\/#organization\"},\"potentialAction\":[{\"@type\":\"SearchAction\",\"target\":{\"@type\":\"EntryPoint\",\"urlTemplate\":\"https:\\\/\\\/concentrol.com\\\/de\\\/?s={search_term_string}\"},\"query-input\":{\"@type\":\"PropertyValueSpecification\",\"valueRequired\":true,\"valueName\":\"search_term_string\"}}],\"inLanguage\":\"es\"},{\"@type\":\"Organization\",\"@id\":\"https:\\\/\\\/concentrol.com\\\/de\\\/#organization\",\"name\":\"Productos Concentrol, S.A.\",\"url\":\"https:\\\/\\\/concentrol.com\\\/de\\\/\",\"logo\":{\"@type\":\"ImageObject\",\"inLanguage\":\"es\",\"@id\":\"https:\\\/\\\/concentrol.com\\\/de\\\/#\\\/schema\\\/logo\\\/image\\\/\",\"url\":\"https:\\\/\\\/concentrol.com\\\/wp-content\\\/uploads\\\/2019\\\/10\\\/logo_ok-01.png\",\"contentUrl\":\"https:\\\/\\\/concentrol.com\\\/wp-content\\\/uploads\\\/2019\\\/10\\\/logo_ok-01.png\",\"width\":1354,\"height\":1018,\"caption\":\"Productos Concentrol, S.A.\"},\"image\":{\"@id\":\"https:\\\/\\\/concentrol.com\\\/de\\\/#\\\/schema\\\/logo\\\/image\\\/\"},\"sameAs\":[\"https:\\\/\\\/www.facebook.com\\\/concentrol\\\/\",\"https:\\\/\\\/x.com\\\/concentrol\",\"https:\\\/\\\/www.linkedin.com\\\/company\\\/concentrol\\\/\",\"https:\\\/\\\/www.instagram.com\\\/concentrol_com\\\/\",\"https:\\\/\\\/www.youtube.com\\\/channel\\\/UCHRBaGs_viVptdVzPr6QF3A\"]},{\"@type\":\"Person\",\"@id\":\"https:\\\/\\\/concentrol.com\\\/de\\\/#\\\/schema\\\/person\\\/95e5c6c53e842361a5621fa16fbb67d9\",\"name\":\"Concentrol\",\"image\":{\"@type\":\"ImageObject\",\"inLanguage\":\"es\",\"@id\":\"https:\\\/\\\/secure.gravatar.com\\\/avatar\\\/88723254bc5779e04dc89ca51b86cf78f06be209391ef76547037c0022db0ebd?s=96&d=mm&r=g\",\"url\":\"https:\\\/\\\/secure.gravatar.com\\\/avatar\\\/88723254bc5779e04dc89ca51b86cf78f06be209391ef76547037c0022db0ebd?s=96&d=mm&r=g\",\"contentUrl\":\"https:\\\/\\\/secure.gravatar.com\\\/avatar\\\/88723254bc5779e04dc89ca51b86cf78f06be209391ef76547037c0022db0ebd?s=96&d=mm&r=g\",\"caption\":\"Concentrol\"},\"url\":\"https:\\\/\\\/hosting175685eu-cp704.wordpresstemporal.com\\\/es\\\/author\\\/nguardiaconcentrol-com\\\/\"}]}<\/script>\n<!-- \/ Yoast SEO plugin. -->","yoast_head_json":{"title":"Concentrol se suma al \u00e9xito de la IV edici\u00f3n de Giroinfant - Concentrol","description":"Concentrol - Chemical Solutions","robots":{"index":"index","follow":"follow","max-snippet":"max-snippet:-1","max-image-preview":"max-image-preview:large","max-video-preview":"max-video-preview:-1"},"canonical":"https:\/\/concentrol.com\/es\/concentrol-se-suma-al-exito-de-la-iv-edicion-de-giroinfant\/","og_locale":"es_ES","og_type":"article","og_title":"Concentrol se suma al \u00e9xito de la IV edici\u00f3n de Giroinfant - Concentrol","og_description":"Concentrol - Chemical Solutions","og_url":"https:\/\/concentrol.com\/es\/concentrol-se-suma-al-exito-de-la-iv-edicion-de-giroinfant\/","og_site_name":"Concentrol","article_publisher":"https:\/\/www.facebook.com\/concentrol\/","article_published_time":"2024-05-09T10:12:34+00:00","article_modified_time":"2024-05-09T10:37:36+00:00","og_image":[{"width":1354,"height":1018,"url":"https:\/\/hosting175685eu-cp704.wordpresstemporal.com\/wp-content\/uploads\/2019\/05\/logo_ok-01.png","type":"image\/png"}],"author":"Concentrol","twitter_card":"summary_large_image","twitter_creator":"@concentrol","twitter_site":"@concentrol","twitter_misc":{"Escrito por":"Concentrol","Tiempo de lectura":"2 minutos"},"schema":{"@context":"https:\/\/schema.org","@graph":[{"@type":"Article","@id":"https:\/\/concentrol.com\/es\/concentrol-se-suma-al-exito-de-la-iv-edicion-de-giroinfant\/#article","isPartOf":{"@id":"https:\/\/concentrol.com\/es\/concentrol-se-suma-al-exito-de-la-iv-edicion-de-giroinfant\/"},"author":{"name":"Concentrol","@id":"https:\/\/concentrol.com\/de\/#\/schema\/person\/95e5c6c53e842361a5621fa16fbb67d9"},"headline":"Concentrol se suma al \u00e9xito de la IV edici\u00f3n de Giroinfant","datePublished":"2024-05-09T10:12:34+00:00","dateModified":"2024-05-09T10:37:36+00:00","mainEntityOfPage":{"@id":"https:\/\/concentrol.com\/es\/concentrol-se-suma-al-exito-de-la-iv-edicion-de-giroinfant\/"},"wordCount":359,"commentCount":0,"publisher":{"@id":"https:\/\/concentrol.com\/de\/#organization"},"keywords":["concentrol","united nations","world"],"articleSection":["Noticias"],"inLanguage":"es","potentialAction":[{"@type":"CommentAction","name":"Comment","target":["https:\/\/concentrol.com\/es\/concentrol-se-suma-al-exito-de-la-iv-edicion-de-giroinfant\/#respond"]}]},{"@type":"WebPage","@id":"https:\/\/concentrol.com\/es\/concentrol-se-suma-al-exito-de-la-iv-edicion-de-giroinfant\/","url":"https:\/\/concentrol.com\/es\/concentrol-se-suma-al-exito-de-la-iv-edicion-de-giroinfant\/","name":"Concentrol se suma al \u00e9xito de la IV edici\u00f3n de Giroinfant - Concentrol","isPartOf":{"@id":"https:\/\/concentrol.com\/de\/#website"},"datePublished":"2024-05-09T10:12:34+00:00","dateModified":"2024-05-09T10:37:36+00:00","description":"Concentrol - Chemical Solutions","breadcrumb":{"@id":"https:\/\/concentrol.com\/es\/concentrol-se-suma-al-exito-de-la-iv-edicion-de-giroinfant\/#breadcrumb"},"inLanguage":"es","potentialAction":[{"@type":"ReadAction","target":["https:\/\/concentrol.com\/es\/concentrol-se-suma-al-exito-de-la-iv-edicion-de-giroinfant\/"]}]},{"@type":"BreadcrumbList","@id":"https:\/\/concentrol.com\/es\/concentrol-se-suma-al-exito-de-la-iv-edicion-de-giroinfant\/#breadcrumb","itemListElement":[{"@type":"ListItem","position":1,"name":"Inici","item":"https:\/\/concentrol.com\/es\/"},{"@type":"ListItem","position":2,"name":"Concentrol se suma al \u00e9xito de la IV edici\u00f3n de Giroinfant"}]},{"@type":"WebSite","@id":"https:\/\/concentrol.com\/de\/#website","url":"https:\/\/concentrol.com\/de\/","name":"Concentrol","description":"Chemical Solutions","publisher":{"@id":"https:\/\/concentrol.com\/de\/#organization"},"potentialAction":[{"@type":"SearchAction","target":{"@type":"EntryPoint","urlTemplate":"https:\/\/concentrol.com\/de\/?s={search_term_string}"},"query-input":{"@type":"PropertyValueSpecification","valueRequired":true,"valueName":"search_term_string"}}],"inLanguage":"es"},{"@type":"Organization","@id":"https:\/\/concentrol.com\/de\/#organization","name":"Productos Concentrol, S.A.","url":"https:\/\/concentrol.com\/de\/","logo":{"@type":"ImageObject","inLanguage":"es","@id":"https:\/\/concentrol.com\/de\/#\/schema\/logo\/image\/","url":"https:\/\/concentrol.com\/wp-content\/uploads\/2019\/10\/logo_ok-01.png","contentUrl":"https:\/\/concentrol.com\/wp-content\/uploads\/2019\/10\/logo_ok-01.png","width":1354,"height":1018,"caption":"Productos Concentrol, S.A."},"image":{"@id":"https:\/\/concentrol.com\/de\/#\/schema\/logo\/image\/"},"sameAs":["https:\/\/www.facebook.com\/concentrol\/","https:\/\/x.com\/concentrol","https:\/\/www.linkedin.com\/company\/concentrol\/","https:\/\/www.instagram.com\/concentrol_com\/","https:\/\/www.youtube.com\/channel\/UCHRBaGs_viVptdVzPr6QF3A"]},{"@type":"Person","@id":"https:\/\/concentrol.com\/de\/#\/schema\/person\/95e5c6c53e842361a5621fa16fbb67d9","name":"Concentrol","image":{"@type":"ImageObject","inLanguage":"es","@id":"https:\/\/secure.gravatar.com\/avatar\/88723254bc5779e04dc89ca51b86cf78f06be209391ef76547037c0022db0ebd?s=96&d=mm&r=g","url":"https:\/\/secure.gravatar.com\/avatar\/88723254bc5779e04dc89ca51b86cf78f06be209391ef76547037c0022db0ebd?s=96&d=mm&r=g","contentUrl":"https:\/\/secure.gravatar.com\/avatar\/88723254bc5779e04dc89ca51b86cf78f06be209391ef76547037c0022db0ebd?s=96&d=mm&r=g","caption":"Concentrol"},"url":"https:\/\/hosting175685eu-cp704.wordpresstemporal.com\/es\/author\/nguardiaconcentrol-com\/"}]}},"rttpg_featured_image_url":null,"rttpg_author":{"display_name":"Concentrol","author_link":"https:\/\/hosting175685eu-cp704.wordpresstemporal.com\/es\/author\/nguardiaconcentrol-com\/"},"rttpg_comment":0,"rttpg_category":"<a href=\"https:\/\/hosting175685eu-cp704.wordpresstemporal.com\/es\/category\/noticias\/\" rel=\"category tag\">Noticias<\/a>","rttpg_excerpt":"[vc_row][vc_column][vc_column_text uncode_shortcode_id=\u00bb957655&#8243;]El pasado fin de semana, Girona fue testigo de un evento que reuni\u00f3 a la comunidad en torno a [&hellip;]","_links":{"self":[{"href":"https:\/\/hosting175685eu-cp704.wordpresstemporal.com\/es\/wp-json\/wp\/v2\/posts\/155385","targetHints":{"allow":["GET"]}}],"collection":[{"href":"https:\/\/hosting175685eu-cp704.wordpresstemporal.com\/es\/wp-json\/wp\/v2\/posts"}],"about":[{"href":"https:\/\/hosting175685eu-cp704.wordpresstemporal.com\/es\/wp-json\/wp\/v2\/types\/post"}],"author":[{"embeddable":true,"href":"https:\/\/hosting175685eu-cp704.wordpresstemporal.com\/es\/wp-json\/wp\/v2\/users\/36"}],"replies":[{"embeddable":true,"href":"https:\/\/hosting175685eu-cp704.wordpresstemporal.com\/es\/wp-json\/wp\/v2\/comments?post=155385"}],"version-history":[{"count":2,"href":"https:\/\/hosting175685eu-cp704.wordpresstemporal.com\/es\/wp-json\/wp\/v2\/posts\/155385\/revisions"}],"predecessor-version":[{"id":155392,"href":"https:\/\/hosting175685eu-cp704.wordpresstemporal.com\/es\/wp-json\/wp\/v2\/posts\/155385\/revisions\/155392"}],"wp:attachment":[{"href":"https:\/\/hosting175685eu-cp704.wordpresstemporal.com\/es\/wp-json\/wp\/v2\/media?parent=155385"}],"wp:term":[{"taxonomy":"category","embeddable":true,"href":"https:\/\/hosting175685eu-cp704.wordpresstemporal.com\/es\/wp-json\/wp\/v2\/categories?post=155385"},{"taxonomy":"post_tag","embeddable":true,"href":"https:\/\/hosting175685eu-cp704.wordpresstemporal.com\/es\/wp-json\/wp\/v2\/tags?post=155385"}],"curies":[{"name":"wp","href":"https:\/\/api.w.org\/{rel}","templated":true}]}}